{"id":29835,"date":"2024-12-02T22:58:50","date_gmt":"2024-12-02T17:58:50","guid":{"rendered":"https:\/\/elam.ca\/?p=29835"},"modified":"2026-01-28T21:56:11","modified_gmt":"2026-01-28T16:56:11","slug":"les-12-jours-de-dons-delam-repandre-la-joie-des-fetes-et-faire-une-difference","status":"publish","type":"post","link":"https:\/\/elam.ca\/fr\/articles-de-blogue-recents\/les-12-jours-de-dons-delam-repandre-la-joie-des-fetes-et-faire-une-difference","title":{"rendered":"Les 12 jours de dons d&#8217;ELAM\u202f: r\u00e9pandre la joie des F\u00eates et faire une diff\u00e9rence"},"content":{"rendered":"\t\t<div data-elementor-type=\"wp-post\" data-elementor-id=\"29835\" class=\"elementor elementor-29835\" data-elementor-post-type=\"post\">\n\t\t\t\t\t\t<section class=\"elementor-section elementor-top-section elementor-element elementor-element-33bbeec0 elementor-section-boxed elementor-section-height-default elementor-section-height-default\" data-id=\"33bbeec0\" data-element_type=\"section\">\r\n\t\t\t\t\t\t<div class=\"elementor-container elementor-column-gap-thegem\"><div class=\"elementor-row\">\r\n\t\t\t\t\t<div class=\"elementor-column elementor-col-100 elementor-top-column elementor-element elementor-element-28fdc6e\" data-id=\"28fdc6e\" data-element_type=\"column\">\n\t\t\t<div class=\"elementor-widget-wrap elementor-element-populated\">\n\t\t\t\t\t\t<div class=\"elementor-element elementor-element-72d5a2a5 elementor-widget__width-initial flex-horizontal-align-default flex-horizontal-align-tablet-default flex-horizontal-align-mobile-default flex-vertical-align-default flex-vertical-align-tablet-default flex-vertical-align-mobile-default elementor-widget elementor-widget-text-editor\" data-id=\"72d5a2a5\" data-element_type=\"widget\" data-widget_type=\"text-editor.default\">\n\t\t\t\t<div class=\"elementor-widget-container\">\n\t\t\t\t\t\t\t\t\t\t\t\t<div class=\"elementor-text-editor elementor-clearfix\">\r\n\t\t\t\t\t\t<p><span data-contrast=\"auto\"><img class=\"size-medium wp-image-29831 alignleft\" src=\"https:\/\/elam.ca\/wp-content\/uploads\/2024\/12\/Screenshot-2024-12-02-115815-300x300.png\" alt=\"\" width=\"300\" height=\"300\" srcset=\"https:\/\/elam.ca\/wp-content\/uploads\/2024\/12\/Screenshot-2024-12-02-115815-300x300.png 300w, https:\/\/elam.ca\/wp-content\/uploads\/2024\/12\/Screenshot-2024-12-02-115815-150x150.png 150w, https:\/\/elam.ca\/wp-content\/uploads\/2024\/12\/Screenshot-2024-12-02-115815-256x256.png 256w, https:\/\/elam.ca\/wp-content\/uploads\/2024\/12\/Screenshot-2024-12-02-115815.png 606w\" sizes=\"(max-width: 300px) 100vw, 300px\" \/>Chez ELAM, nous croyons au <\/span><span data-contrast=\"auto\">au<\/span><span data-contrast=\"auto\"> pouvoir de donner au suivant, surtout pendant la p\u00e9riode des f\u00eates. Au cours des quatre derni\u00e8res ann\u00e9es, nous avons c\u00e9l\u00e9br\u00e9 <span style=\"text-decoration: underline;\"><strong><span style=\"color: #ff6600; text-decoration: underline;\"><a style=\"color: #ff6600; text-decoration: underline;\" href=\"https:\/\/elam.ca\/fr\/ressources-rh\/12-jours-de-dons\">les 12 jours de dons<\/a><\/span><\/strong><\/span>, une tradition qui nous permet de montrer notre gratitude \u00e0 nos clients et \u00e0 la communaut\u00e9 en soutenant une vari\u00e9t\u00e9 de causes significatives. Cette initiative ne consiste pas seulement \u00e0 faire des dons ; il s&#8217;agit de favoriser une raison d&#8217;\u00eatre, de la compassion et de la responsabilit\u00e9 sociale &#8211; des valeurs qui nous sont ch\u00e8res \u00e0 ELAM depuis le d\u00e9but. De l&#8217;offre de formation linguistique \u00e0 nos frais \u00e0 des organismes comme le YMCA f\u00e9minin en 2001 \u00e0 la course \u00e0 la Fondation qu\u00e9b\u00e9coise du cancer en 2024\u202f!<\/span><span data-ccp-props=\"{}\">\u00a0<\/span><\/p><p><span data-contrast=\"auto\">\u00a0<\/span><span data-contrast=\"auto\">Les 12 jours de dons sont une campagne inspirante qui d\u00e9bute le 2 d\u00e9cembre, et chaque ann\u00e9e, nous s\u00e9lectionnons 12 organismes de bienfaisance diff\u00e9rents \u00e0 soutenir. Ces organisations couvrent un large \u00e9ventail de causes, y compris les organismes de bienfaisance locaux, l&#8217;\u00e9ducation, l&#8217;environnement, la sant\u00e9, les droits des animaux et bien plus encore. Notre objectif est de faire une diff\u00e9rence dans la vie de ceux qui en ont le plus besoin, \u00e0 la fois localement ici \u00e0 Montr\u00e9al et \u00e0 travers le monde.<\/span><span data-ccp-props=\"{}\">\u00a0<\/span><\/p><p><span data-contrast=\"auto\"> <img class=\"size-medium wp-image-29127 alignright\" src=\"https:\/\/elam.ca\/wp-content\/uploads\/2024\/04\/ELAM-team-smaller-300x200.png\" alt=\"\" width=\"300\" height=\"200\" srcset=\"https:\/\/elam.ca\/wp-content\/uploads\/2024\/04\/ELAM-team-smaller-300x200.png 300w, https:\/\/elam.ca\/wp-content\/uploads\/2024\/04\/ELAM-team-smaller.png 500w\" sizes=\"(max-width: 300px) 100vw, 300px\" \/><\/span><span data-contrast=\"auto\">Ce qui rend cette initiative vraiment sp\u00e9ciale \u00e0 nos yeux, est que nous invitons nos employ\u00e9s et nos clients \u00e0 en faire partie. Chaque ann\u00e9e, nous demandons \u00e0 six employ\u00e9s d&#8217;ELAM et \u00e0 six de nos clients de proposer la candidature d&#8217;un organisme de bienfaisance qui leur tient \u00e0 c\u0153ur.\u00a0 De cette fa\u00e7on, les causes que nous appuyons refl\u00e8tent les valeurs des gens avec qui nous travaillons. Chaque organisme tient une place importante dans la vie de nos coll\u00e8gues et clients, soit en raison d\u2019une exp\u00e9rience personnelle ou bien par passion, ce qui donne encore plus de valeur \u00e0 notre campagne.<\/span><span data-ccp-props=\"{}\">\u00a0<\/span><\/p><p><span data-contrast=\"auto\">Au cours de ces 12 Jours de dons, nous pr\u00e9sentons une oeuvre de charit\u00e9 par jour qui recevra un don de la part d&#8217;ELAM. Nous demandons ensuite \u00e0 nos abonn\u00e9s de donner ce qu&#8217;ils peuvent en fournissant le lien vers les organismes de bienfaisance. Les organismes que nous avons soutenus au cours des ann\u00e9es pr\u00e9c\u00e9dentes refl\u00e8tent le large \u00e9ventail de probl\u00e8mes sociaux qui b\u00e9n\u00e9fieraient d&#8217;une plus grande visibilit\u00e9. Voici quelques exemples des incroyables organisations avec lesquelles nous nous sommes associ\u00e9s au fil des ans :<\/span><span data-ccp-props=\"{}\">\u00a0<\/span><\/p><ol><li data-leveltext=\"%1.\" data-font=\"\" data-listid=\"1\" data-list-defn-props=\"{&quot;335552541&quot;:0,&quot;335559685&quot;:720,&quot;335559991&quot;:360,&quot;469769242&quot;:[65533,0],&quot;469777803&quot;:&quot;left&quot;,&quot;469777804&quot;:&quot;%1.&quot;,&quot;469777815&quot;:&quot;hybridMultilevel&quot;}\" aria-setsize=\"-1\" data-aria-posinset=\"1\" data-aria-level=\"1\"><span data-contrast=\"auto\"><span style=\"text-decoration: underline;\"><strong><span style=\"color: #ff6600; text-decoration: underline;\"><a style=\"color: #ff6600; text-decoration: underline;\" href=\"https:\/\/www.visionmondiale.ca\/?_gl=1*1l5y861*_gcl_dc*R0NMLjE3MzMxNjE4ODMuZDY2NThiZWYzMGJmMTA3NTQzZGZlY2QxMzFlNWJlNTM.*_gcl_au*NDUwMDM1NjgwLjE3MzIxMTY4MzA.*_ga*MTQ0OTM5MDgxNi4xNzMyMTE2ODMx*_ga_3Q1YSRRJM8*MTczMzE2MTg4My4zLjAuMTczMzE2MTg4My42MC4wLjA.\">Vision mondiale<\/a> <\/span><\/strong><\/span>\u2013 Avec plus de 70 ans d&#8217;exp\u00e9rience, Vision Mondiale s&#8217;efforce de cr\u00e9er un changement durable pour les enfants gr\u00e2ce aux secours d&#8217;urgence, au d\u00e9veloppement transformationnel et \u00e0 la justice. Leur mission d&#8217;aider les enfants dans le besoin \u00e0 l&#8217;\u00e9chelle mondiale r\u00e9sonne profond\u00e9ment avec notre \u00e9quipe.\u00a0\u00a0<\/span><span data-ccp-props=\"{}\">\u00a0<\/span><\/li><li data-leveltext=\"%1.\" data-font=\"\" data-listid=\"1\" data-list-defn-props=\"{&quot;335552541&quot;:0,&quot;335559685&quot;:720,&quot;335559991&quot;:360,&quot;469769242&quot;:[65533,0],&quot;469777803&quot;:&quot;left&quot;,&quot;469777804&quot;:&quot;%1.&quot;,&quot;469777815&quot;:&quot;hybridMultilevel&quot;}\" aria-setsize=\"-1\" data-aria-posinset=\"1\" data-aria-level=\"1\"><span data-contrast=\"auto\"><strong><span style=\"text-decoration: underline;\"><span style=\"color: #ff6600; text-decoration: underline;\"><a style=\"color: #ff6600; text-decoration: underline;\" href=\"https:\/\/plasticoceans.org\/\">Plastic Oceans International<\/a> <\/span><\/span><\/strong>&#8211; Visant \u00e0 mettre fin \u00e0 la pollution plastique, cette organisation \u00e0 but non lucratif bas\u00e9e aux \u00c9tats-Unis se concentre sur l&#8217;\u00e9ducation, l&#8217;activisme et la science pour favoriser des communaut\u00e9s durables dans le monde entier.\u00a0\u00a0<\/span><span data-ccp-props=\"{}\">\u00a0<\/span><\/li><li data-leveltext=\"%1.\" data-font=\"\" data-listid=\"1\" data-list-defn-props=\"{&quot;335552541&quot;:0,&quot;335559685&quot;:720,&quot;335559991&quot;:360,&quot;469769242&quot;:[65533,0],&quot;469777803&quot;:&quot;left&quot;,&quot;469777804&quot;:&quot;%1.&quot;,&quot;469777815&quot;:&quot;hybridMultilevel&quot;}\" aria-setsize=\"-1\" data-aria-posinset=\"1\" data-aria-level=\"1\"><span data-contrast=\"auto\"><strong><span style=\"text-decoration: underline;\"><span style=\"color: #ff6600; text-decoration: underline;\"><a style=\"color: #ff6600; text-decoration: underline;\" href=\"https:\/\/refugerr.org\/contact-us\/\">Refuge RR<\/a><\/span><\/span><\/strong> \u2013 Cette organisation sauve les animaux dans le besoin, offrant des services de r\u00e9adaptation et de soins \u00e0 ceux qui ont subi de mauvais traitements. Pour les animaux qui ne peuvent pas \u00eatre adopt\u00e9s, ils fournissent un sanctuaire \u00e0 vie.\u00a0\u00a0<\/span><span data-ccp-props=\"{}\">\u00a0<\/span><\/li><li data-leveltext=\"%1.\" data-font=\"\" data-listid=\"1\" data-list-defn-props=\"{&quot;335552541&quot;:0,&quot;335559685&quot;:720,&quot;335559991&quot;:360,&quot;469769242&quot;:[65533,0],&quot;469777803&quot;:&quot;left&quot;,&quot;469777804&quot;:&quot;%1.&quot;,&quot;469777815&quot;:&quot;hybridMultilevel&quot;}\" aria-setsize=\"-1\" data-aria-posinset=\"1\" data-aria-level=\"1\"><span data-contrast=\"auto\"><strong><span style=\"text-decoration: underline;\"><span style=\"color: #ff6600; text-decoration: underline;\"><a style=\"color: #ff6600; text-decoration: underline;\" href=\"https:\/\/www.chezdoris.org\/\">Chez Doris<\/a><\/span><\/span><\/strong> \u2013 Ce refuge de Montr\u00e9al soutient les femmes vuln\u00e9rables en fournissant des services essentiels, y compris des v\u00eatements, des soins m\u00e9dicaux et un logement. Ils servent plus de 1 500 femmes chaque ann\u00e9e, ce qui leur permet de reprendre le contr\u00f4le de leur vie.\u00a0 <\/span><span data-ccp-props=\"{}\">\u00a0<\/span><\/li><li data-leveltext=\"%1.\" data-font=\"\" data-listid=\"1\" data-list-defn-props=\"{&quot;335552541&quot;:0,&quot;335559685&quot;:720,&quot;335559991&quot;:360,&quot;469769242&quot;:[65533,0],&quot;469777803&quot;:&quot;left&quot;,&quot;469777804&quot;:&quot;%1.&quot;,&quot;469777815&quot;:&quot;hybridMultilevel&quot;}\" aria-setsize=\"-1\" data-aria-posinset=\"1\" data-aria-level=\"1\"><span data-contrast=\"auto\"><strong><span style=\"text-decoration: underline;\"><span style=\"color: #ff6600; text-decoration: underline;\"><a style=\"color: #ff6600; text-decoration: underline;\" href=\"https:\/\/give.unhcr.ca\/page\/52275\/donate\/1?ea.tracking.id=SEM24_UNR&amp;utm_source=bing&amp;utm_medium=cpc&amp;utm_campaign=CA_PS_EN_general&amp;msclkid=b901f53c1560110c22ac9271e163eb66&amp;utm_term=donate&amp;utm_content=%5BGeneric%20-%20EN%5D\">Centraide Canada<\/a><\/span><\/span><\/strong> \u2013 Ax\u00e9 sur l&#8217;am\u00e9lioration de la vie en aidant les gens \u00e0 passer de la pauvret\u00e9 aux possibilit\u00e9s, Centraide soutient les enfants, les familles et des communaut\u00e9s enti\u00e8res \u00e0 travers le pays.\u00a0 <\/span><\/li><li data-leveltext=\"%1.\" data-font=\"\" data-listid=\"1\" data-list-defn-props=\"{&quot;335552541&quot;:0,&quot;335559685&quot;:720,&quot;335559991&quot;:360,&quot;469769242&quot;:[65533,0],&quot;469777803&quot;:&quot;left&quot;,&quot;469777804&quot;:&quot;%1.&quot;,&quot;469777815&quot;:&quot;hybridMultilevel&quot;}\" aria-setsize=\"-1\" data-aria-posinset=\"1\" data-aria-level=\"1\"><span data-contrast=\"auto\"><strong><span style=\"text-decoration: underline;\"><span style=\"color: #ff6600; text-decoration: underline;\"><a style=\"color: #ff6600; text-decoration: underline;\" href=\"https:\/\/www.rescuedogslebanoncanada.org\/\">Rescue Dogs Liban-CANADA<\/a><\/span><\/span><\/strong> \u2013 Cette organisation travaille sans rel\u00e2che pour sauver les animaux abandonn\u00e9s du Liban, en leur trouvant des foyers pour toujours au Canada.\u00a0\u00a0<\/span><span data-ccp-props=\"{}\">\u00a0<\/span><\/li><li data-leveltext=\"%1.\" data-font=\"\" data-listid=\"1\" data-list-defn-props=\"{&quot;335552541&quot;:0,&quot;335559685&quot;:720,&quot;335559991&quot;:360,&quot;469769242&quot;:[65533,0],&quot;469777803&quot;:&quot;left&quot;,&quot;469777804&quot;:&quot;%1.&quot;,&quot;469777815&quot;:&quot;hybridMultilevel&quot;}\" aria-setsize=\"-1\" data-aria-posinset=\"1\" data-aria-level=\"1\"><span data-contrast=\"auto\"><strong><span style=\"text-decoration: underline;\"><span style=\"color: #ff6600; text-decoration: underline;\"><a style=\"color: #ff6600; text-decoration: underline;\" href=\"https:\/\/aubergetransition.org\/\">Auberge Transition<\/a> <\/span><\/span><\/strong>\u2013 Soutenant les femmes qui ont \u00e9t\u00e9 victimes de violence conjugale, Auberge Transition offre un refuge, des conseils et des ressources pour aider \u00e0 briser le cycle de la violence.\u00a0 <\/span><\/li><li data-leveltext=\"%1.\" data-font=\"\" data-listid=\"1\" data-list-defn-props=\"{&quot;335552541&quot;:0,&quot;335559685&quot;:720,&quot;335559991&quot;:360,&quot;469769242&quot;:[65533,0],&quot;469777803&quot;:&quot;left&quot;,&quot;469777804&quot;:&quot;%1.&quot;,&quot;469777815&quot;:&quot;hybridMultilevel&quot;}\" aria-setsize=\"-1\" data-aria-posinset=\"1\" data-aria-level=\"1\"><span data-contrast=\"auto\"><strong><span style=\"text-decoration: underline;\"><span style=\"color: #ff6600; text-decoration: underline;\"><a style=\"color: #ff6600; text-decoration: underline;\" href=\"https:\/\/fhclm.ca\/\">Fondation de l&#8217;H\u00f4pital Charles-LeMoyne<\/a> <\/span><\/span><\/strong>\u2013 En mettant l&#8217;accent sur l&#8217;avancement des soins de sant\u00e9 dans la r\u00e9gion, cette fondation soutient les traitements de pointe et les services aux patients.\u00a0\u00a0<\/span><span data-ccp-props=\"{}\">\u00a0<\/span><\/li><li data-leveltext=\"%1.\" data-font=\"\" data-listid=\"1\" data-list-defn-props=\"{&quot;335552541&quot;:0,&quot;335559685&quot;:720,&quot;335559991&quot;:360,&quot;469769242&quot;:[65533,0],&quot;469777803&quot;:&quot;left&quot;,&quot;469777804&quot;:&quot;%1.&quot;,&quot;469777815&quot;:&quot;hybridMultilevel&quot;}\" aria-setsize=\"-1\" data-aria-posinset=\"1\" data-aria-level=\"1\"><span data-contrast=\"auto\"><strong><span style=\"text-decoration: underline;\"><span style=\"color: #ff6600; text-decoration: underline;\"><a style=\"color: #ff6600; text-decoration: underline;\" href=\"https:\/\/banquesalimentaires.org\/en\/\">Banques alimentaires du Qu\u00e9bec<\/a><\/span><\/span><\/strong> \u2013 Ce r\u00e9seau essentiel soutient plus de 870 000 personnes chaque mois, garantissant que personne n&#8217;a faim dans la province.\u00a0\u00a0<\/span><span data-ccp-props=\"{}\">\u00a0<\/span><\/li><li data-leveltext=\"%1.\" data-font=\"\" data-listid=\"1\" data-list-defn-props=\"{&quot;335552541&quot;:0,&quot;335559685&quot;:720,&quot;335559991&quot;:360,&quot;469769242&quot;:[65533,0],&quot;469777803&quot;:&quot;left&quot;,&quot;469777804&quot;:&quot;%1.&quot;,&quot;469777815&quot;:&quot;hybridMultilevel&quot;}\" aria-setsize=\"-1\" data-aria-posinset=\"1\" data-aria-level=\"1\"><span data-contrast=\"auto\"><strong><span style=\"text-decoration: underline;\"><span style=\"color: #ff6600; text-decoration: underline;\"><a style=\"color: #ff6600; text-decoration: underline;\" href=\"https:\/\/danslarue.org\/\">Dans la rue<\/a> <\/span><\/span><\/strong>\u2013 Aidant les jeunes \u00e0 risque de Montr\u00e9al, cet organisme offre des services essentiels pour aider les jeunes \u00e0 faire la transition vers une vie autonome.\u00a0\u00a0<\/span><span data-ccp-props=\"{}\">\u00a0<\/span><\/li><li data-leveltext=\"%1.\" data-font=\"\" data-listid=\"1\" data-list-defn-props=\"{&quot;335552541&quot;:0,&quot;335559685&quot;:720,&quot;335559991&quot;:360,&quot;469769242&quot;:[65533,0],&quot;469777803&quot;:&quot;left&quot;,&quot;469777804&quot;:&quot;%1.&quot;,&quot;469777815&quot;:&quot;hybridMultilevel&quot;}\" aria-setsize=\"-1\" data-aria-posinset=\"1\" data-aria-level=\"1\"><span data-contrast=\"auto\"><strong><span style=\"text-decoration: underline;\"><span style=\"color: #ff6600; text-decoration: underline;\"><a style=\"color: #ff6600; text-decoration: underline;\" href=\"https:\/\/www.spca.com\/\">SPCA de Montr\u00e9al<\/a><\/span><\/span><\/strong> \u2013 D\u00e9fenseur du bien-\u00eatre animal, la SPCA de Montr\u00e9al lutte contre la cruaut\u00e9 et la n\u00e9gligence tout en favorisant le traitement humain des animaux.\u00a0\u00a0<\/span><span data-ccp-props=\"{}\">\u00a0<\/span><\/li><li data-leveltext=\"%1.\" data-font=\"\" data-listid=\"1\" data-list-defn-props=\"{&quot;335552541&quot;:0,&quot;335559685&quot;:720,&quot;335559991&quot;:360,&quot;469769242&quot;:[65533,0],&quot;469777803&quot;:&quot;left&quot;,&quot;469777804&quot;:&quot;%1.&quot;,&quot;469777815&quot;:&quot;hybridMultilevel&quot;}\" aria-setsize=\"-1\" data-aria-posinset=\"1\" data-aria-level=\"1\"><span data-contrast=\"auto\"><strong><span style=\"text-decoration: underline;\"><span style=\"color: #ff6600; text-decoration: underline;\"><a style=\"color: #ff6600; text-decoration: underline;\" href=\"https:\/\/fondationsablon.com\/\">Fondation Sablon<\/a><\/span><\/span><\/strong> \u2013 Autonomisant les enfants issus de milieux d\u00e9favoris\u00e9s gr\u00e2ce \u00e0 des activit\u00e9s sportives et de plein air, la Fondation Sablon aide les enfants \u00e0 renforcer leur confiance et \u00e0 atteindre leur plein potentiel.<\/span><span data-ccp-props=\"{}\">\u00a0<\/span><\/li><\/ol><p><span data-contrast=\"auto\">\u00a0Chacune de ces organisations joue un r\u00f4le central dans la r\u00e9solution de certains des probl\u00e8mes les plus s\u00e9rieux de notre soci\u00e9t\u00e9 actuelle, et nous sommes honor\u00e9s de les soutenir. Notre campagne des 12 Jours de dons est un une action \u00e0 petite \u00e9chelle de la part d&#8217;ELAM qui peut faire une grande diff\u00e9rence\/qui peut avoir un gros impact, et nous sommes tr\u00e8s reconnaissants envers nos employ\u00e9s et clients pour leur implication dans le choix de ces organismes de bienfaisance. Leur passion et engagement envers ces causes donne encore plus de poids \u00e0 cette campagne.<\/span><span data-ccp-props=\"{}\">\u00a0<\/span><\/p><p><span data-contrast=\"auto\">\u00a0Alors que l&#8217;ann\u00e9e tire \u00e0 sa fin, nous sommes impatients de poursuivre cette tradition et de r\u00e9pandre la gentillesse, une cause \u00e0 la fois. De notre part \u00e0 tous chez ELAM, nous vous souhaitons un joyeux temps des f\u00eates et une nouvelle ann\u00e9e prosp\u00e8re remplie d&#8217;amour et de dons\u202f!<\/span><span data-ccp-props=\"{}\">\u00a0<\/span><\/p>\t\t\t\t\t\t\t<\/div>\r\n\t\t\t\t\t\t\t\t\t\t<\/div>\n\t\t\t\t<\/div>\n\t\t\t\t\t<\/div>\n\t\t<\/div>\n\t\t\t\t\t<\/div><\/div>\r\n\t\t<\/section>\r\n\t\t\t\t<\/div>\n\t\t","protected":false},"excerpt":{"rendered":"<p>Chez ELAM, nous croyons au au pouvoir de donner au suivant, surtout pendant la p\u00e9riode des f\u00eates. Au cours des&#8230;<\/p>\n","protected":false},"author":1,"featured_media":29853,"comment_status":"closed","ping_status":"open","sticky":false,"template":"","format":"standard","meta":{"footnotes":""},"categories":[137,116,99,115,193],"tags":[104,102,100,118],"class_list":{"0":"post-29835","1":"post","2":"type-post","3":"status-publish","4":"format-standard","5":"has-post-thumbnail","7":"category-article-recent","8":"category-articles-de-blogue-recents","9":"category-cours-langues","10":"category-ressources-rh","11":"category-technologie-deducation","12":"tag-apprendre-les-langues-en-ligne","13":"tag-apprendre-une-langue-en-ligne","14":"tag-apprenrde-des-langues","15":"tag-apprentissage-et-developpement"},"yoast_head":"<!-- This site is optimized with the Yoast SEO Premium plugin v22.4 (Yoast SEO v26.7) - https:\/\/yoast.com\/wordpress\/plugins\/seo\/ -->\n<title>Les 12 jours de dons d&#039;ELAM\u202f: r\u00e9pandre la joie des F\u00eates et faire une diff\u00e9rence - ELAM<\/title>\n<meta name=\"description\" content=\"Chez ELAM, nous croyons au au pouvoir de donner au suivant, surtout pendant la p\u00e9riode des f\u00eates. Au cours des quatre derni\u00e8res ann\u00e9es, nous avons c\u00e9l\u00e9br\u00e9 les 12 jours de dons, une tradition qui nous permet de montrer notre gratitude \u00e0 nos clients et \u00e0 la communaut\u00e9 en soutenant une vari\u00e9t\u00e9 de causes significatives. Cette initiative ne consiste pas seulement \u00e0 faire des dons ; il s&#039;agit de favoriser une raison d&#039;\u00eatre, de la compassion et de la responsabilit\u00e9 sociale - des valeurs qui nous sont ch\u00e8res \u00e0 ELAM depuis le d\u00e9but. De l&#039;offre de formation linguistique \u00e0 nos frais \u00e0 des organismes comme le YMCA f\u00e9minin en 2001 \u00e0 la course \u00e0 la Fondation qu\u00e9b\u00e9coise du cancer en 2024\u202f!\" \/>\n<meta name=\"robots\" content=\"index, follow, max-snippet:-1, max-image-preview:large, max-video-preview:-1\" \/>\n<link rel=\"canonical\" href=\"http:\/\/elam.ca\/fr\/articles-de-blogue-recents\/les-12-jours-de-dons-delam-repandre-la-joie-des-fetes-et-faire-une-difference\" \/>\n<meta property=\"og:locale\" content=\"fr_FR\" \/>\n<meta property=\"og:type\" content=\"article\" \/>\n<meta property=\"og:title\" content=\"Les 12 jours de dons d&#039;ELAM\u202f: r\u00e9pandre la joie des F\u00eates et faire une diff\u00e9rence\" \/>\n<meta property=\"og:description\" content=\"Chez ELAM, nous croyons au au pouvoir de donner au suivant, surtout pendant la p\u00e9riode des f\u00eates. Au cours des quatre derni\u00e8res ann\u00e9es, nous avons c\u00e9l\u00e9br\u00e9 les 12 jours de dons, une tradition qui nous permet de montrer notre gratitude \u00e0 nos clients et \u00e0 la communaut\u00e9 en soutenant une vari\u00e9t\u00e9 de causes significatives. Cette initiative ne consiste pas seulement \u00e0 faire des dons ; il s&#039;agit de favoriser une raison d&#039;\u00eatre, de la compassion et de la responsabilit\u00e9 sociale - des valeurs qui nous sont ch\u00e8res \u00e0 ELAM depuis le d\u00e9but. De l&#039;offre de formation linguistique \u00e0 nos frais \u00e0 des organismes comme le YMCA f\u00e9minin en 2001 \u00e0 la course \u00e0 la Fondation qu\u00e9b\u00e9coise du cancer en 2024\u202f!\" \/>\n<meta property=\"og:url\" content=\"http:\/\/elam.ca\/fr\/articles-de-blogue-recents\/les-12-jours-de-dons-delam-repandre-la-joie-des-fetes-et-faire-une-difference\" \/>\n<meta property=\"og:site_name\" content=\"ELAM\" \/>\n<meta property=\"article:publisher\" content=\"https:\/\/www.facebook.com\/ELAM.qc.ca\" \/>\n<meta property=\"article:published_time\" content=\"2024-12-02T17:58:50+00:00\" \/>\n<meta property=\"article:modified_time\" content=\"2026-01-28T16:56:11+00:00\" \/>\n<meta property=\"og:image\" content=\"http:\/\/elam.ca\/wp-content\/uploads\/2024\/12\/image-15.jpg\" \/>\n\t<meta property=\"og:image:width\" content=\"630\" \/>\n\t<meta property=\"og:image:height\" content=\"620\" \/>\n\t<meta property=\"og:image:type\" content=\"image\/jpeg\" \/>\n<meta name=\"author\" content=\"elam\" \/>\n<meta name=\"twitter:card\" content=\"summary_large_image\" \/>\n<meta name=\"twitter:title\" content=\"Les 12 jours de dons d&#039;ELAM\u202f: r\u00e9pandre la joie des F\u00eates et faire une diff\u00e9rence\" \/>\n<meta name=\"twitter:description\" content=\"Chez ELAM, nous croyons au au pouvoir de donner au suivant, surtout pendant la p\u00e9riode des f\u00eates. Au cours des quatre derni\u00e8res ann\u00e9es, nous avons c\u00e9l\u00e9br\u00e9 les 12 jours de dons, une tradition qui nous permet de montrer notre gratitude \u00e0 nos clients et \u00e0 la communaut\u00e9 en soutenant une vari\u00e9t\u00e9 de causes significatives. Cette initiative ne consiste pas seulement \u00e0 faire des dons ; il s&#039;agit de favoriser une raison d&#039;\u00eatre, de la compassion et de la responsabilit\u00e9 sociale - des valeurs qui nous sont ch\u00e8res \u00e0 ELAM depuis le d\u00e9but. De l&#039;offre de formation linguistique \u00e0 nos frais \u00e0 des organismes comme le YMCA f\u00e9minin en 2001 \u00e0 la course \u00e0 la Fondation qu\u00e9b\u00e9coise du cancer en 2024\u202f!\" \/>\n<meta name=\"twitter:creator\" content=\"@ELAMca\" \/>\n<meta name=\"twitter:site\" content=\"@ELAMca\" \/>\n<meta name=\"twitter:label1\" content=\"Written by\" \/>\n\t<meta name=\"twitter:data1\" content=\"elam\" \/>\n\t<meta name=\"twitter:label2\" content=\"Est. reading time\" \/>\n\t<meta name=\"twitter:data2\" content=\"6 minutes\" \/>\n<script type=\"application\/ld+json\" class=\"yoast-schema-graph\">{\"@context\":\"https:\/\/schema.org\",\"@graph\":[{\"@type\":\"Article\",\"@id\":\"http:\/\/elam.ca\/fr\/articles-de-blogue-recents\/les-12-jours-de-dons-delam-repandre-la-joie-des-fetes-et-faire-une-difference#article\",\"isPartOf\":{\"@id\":\"http:\/\/elam.ca\/fr\/articles-de-blogue-recents\/les-12-jours-de-dons-delam-repandre-la-joie-des-fetes-et-faire-une-difference\"},\"author\":{\"name\":\"elam\",\"@id\":\"https:\/\/elam.ca\/fr\/#\/schema\/person\/c04840fe3258fc537d2f43fb50454710\"},\"headline\":\"Les 12 jours de dons d&#8217;ELAM\u202f: r\u00e9pandre la joie des F\u00eates et faire une diff\u00e9rence\",\"datePublished\":\"2024-12-02T17:58:50+00:00\",\"dateModified\":\"2026-01-28T16:56:11+00:00\",\"mainEntityOfPage\":{\"@id\":\"http:\/\/elam.ca\/fr\/articles-de-blogue-recents\/les-12-jours-de-dons-delam-repandre-la-joie-des-fetes-et-faire-une-difference\"},\"wordCount\":1008,\"publisher\":{\"@id\":\"https:\/\/elam.ca\/fr\/#organization\"},\"image\":{\"@id\":\"http:\/\/elam.ca\/fr\/articles-de-blogue-recents\/les-12-jours-de-dons-delam-repandre-la-joie-des-fetes-et-faire-une-difference#primaryimage\"},\"thumbnailUrl\":\"https:\/\/elam.ca\/wp-content\/uploads\/2024\/12\/image-15.jpg\",\"keywords\":[\"Apprendre les langues en ligne\",\"Apprendre une langue en ligne\",\"Apprenrde des langues\",\"Apprentissage et d\u00e9veloppement\"],\"articleSection\":[\"Article r\u00e9cent\",\"Articles de blogue r\u00e9cents\",\"Cours de langues\",\"Ressources pour les R.H\",\"Technologie d'\u00e9ducation\"],\"inLanguage\":\"fr-FR\"},{\"@type\":\"WebPage\",\"@id\":\"http:\/\/elam.ca\/fr\/articles-de-blogue-recents\/les-12-jours-de-dons-delam-repandre-la-joie-des-fetes-et-faire-une-difference\",\"url\":\"http:\/\/elam.ca\/fr\/articles-de-blogue-recents\/les-12-jours-de-dons-delam-repandre-la-joie-des-fetes-et-faire-une-difference\",\"name\":\"Les 12 jours de dons d'ELAM\u202f: r\u00e9pandre la joie des F\u00eates et faire une diff\u00e9rence - ELAM\",\"isPartOf\":{\"@id\":\"https:\/\/elam.ca\/fr\/#website\"},\"primaryImageOfPage\":{\"@id\":\"http:\/\/elam.ca\/fr\/articles-de-blogue-recents\/les-12-jours-de-dons-delam-repandre-la-joie-des-fetes-et-faire-une-difference#primaryimage\"},\"image\":{\"@id\":\"http:\/\/elam.ca\/fr\/articles-de-blogue-recents\/les-12-jours-de-dons-delam-repandre-la-joie-des-fetes-et-faire-une-difference#primaryimage\"},\"thumbnailUrl\":\"https:\/\/elam.ca\/wp-content\/uploads\/2024\/12\/image-15.jpg\",\"datePublished\":\"2024-12-02T17:58:50+00:00\",\"dateModified\":\"2026-01-28T16:56:11+00:00\",\"description\":\"Chez ELAM, nous croyons au au pouvoir de donner au suivant, surtout pendant la p\u00e9riode des f\u00eates. Au cours des quatre derni\u00e8res ann\u00e9es, nous avons c\u00e9l\u00e9br\u00e9 les 12 jours de dons, une tradition qui nous permet de montrer notre gratitude \u00e0 nos clients et \u00e0 la communaut\u00e9 en soutenant une vari\u00e9t\u00e9 de causes significatives. Cette initiative ne consiste pas seulement \u00e0 faire des dons ; il s'agit de favoriser une raison d'\u00eatre, de la compassion et de la responsabilit\u00e9 sociale - des valeurs qui nous sont ch\u00e8res \u00e0 ELAM depuis le d\u00e9but. De l'offre de formation linguistique \u00e0 nos frais \u00e0 des organismes comme le YMCA f\u00e9minin en 2001 \u00e0 la course \u00e0 la Fondation qu\u00e9b\u00e9coise du cancer en 2024\u202f!\",\"breadcrumb\":{\"@id\":\"http:\/\/elam.ca\/fr\/articles-de-blogue-recents\/les-12-jours-de-dons-delam-repandre-la-joie-des-fetes-et-faire-une-difference#breadcrumb\"},\"inLanguage\":\"fr-FR\",\"potentialAction\":[{\"@type\":\"ReadAction\",\"target\":[\"http:\/\/elam.ca\/fr\/articles-de-blogue-recents\/les-12-jours-de-dons-delam-repandre-la-joie-des-fetes-et-faire-une-difference\"]}]},{\"@type\":\"ImageObject\",\"inLanguage\":\"fr-FR\",\"@id\":\"http:\/\/elam.ca\/fr\/articles-de-blogue-recents\/les-12-jours-de-dons-delam-repandre-la-joie-des-fetes-et-faire-une-difference#primaryimage\",\"url\":\"https:\/\/elam.ca\/wp-content\/uploads\/2024\/12\/image-15.jpg\",\"contentUrl\":\"https:\/\/elam.ca\/wp-content\/uploads\/2024\/12\/image-15.jpg\",\"width\":630,\"height\":620},{\"@type\":\"BreadcrumbList\",\"@id\":\"http:\/\/elam.ca\/fr\/articles-de-blogue-recents\/les-12-jours-de-dons-delam-repandre-la-joie-des-fetes-et-faire-une-difference#breadcrumb\",\"itemListElement\":[{\"@type\":\"ListItem\",\"position\":1,\"name\":\"Home\",\"item\":\"https:\/\/elam.ca\/en\"},{\"@type\":\"ListItem\",\"position\":2,\"name\":\"Les 12 jours de dons d&#8217;ELAM\u202f: r\u00e9pandre la joie des F\u00eates et faire une diff\u00e9rence\"}]},{\"@type\":\"WebSite\",\"@id\":\"https:\/\/elam.ca\/fr\/#website\",\"url\":\"https:\/\/elam.ca\/fr\/\",\"name\":\"Elam\",\"description\":\"ELAM Site\",\"publisher\":{\"@id\":\"https:\/\/elam.ca\/fr\/#organization\"},\"potentialAction\":[{\"@type\":\"SearchAction\",\"target\":{\"@type\":\"EntryPoint\",\"urlTemplate\":\"https:\/\/elam.ca\/fr\/?s={search_term_string}\"},\"query-input\":{\"@type\":\"PropertyValueSpecification\",\"valueRequired\":true,\"valueName\":\"search_term_string\"}}],\"inLanguage\":\"fr-FR\"},{\"@type\":\"Organization\",\"@id\":\"https:\/\/elam.ca\/fr\/#organization\",\"name\":\"Elam\",\"url\":\"https:\/\/elam.ca\/fr\/\",\"logo\":{\"@type\":\"ImageObject\",\"inLanguage\":\"fr-FR\",\"@id\":\"https:\/\/elam.ca\/fr\/#\/schema\/logo\/image\/\",\"url\":\"https:\/\/live-elam-site.pantheonsite.io\/wp-content\/uploads\/2021\/06\/elam-og-image.png\",\"contentUrl\":\"https:\/\/live-elam-site.pantheonsite.io\/wp-content\/uploads\/2021\/06\/elam-og-image.png\",\"width\":1200,\"height\":628,\"caption\":\"Elam\"},\"image\":{\"@id\":\"https:\/\/elam.ca\/fr\/#\/schema\/logo\/image\/\"},\"sameAs\":[\"https:\/\/www.facebook.com\/ELAM.qc.ca\",\"https:\/\/x.com\/ELAMca\",\"https:\/\/www.instagram.com\/elaminstagram\/\"]},{\"@type\":\"Person\",\"@id\":\"https:\/\/elam.ca\/fr\/#\/schema\/person\/c04840fe3258fc537d2f43fb50454710\",\"name\":\"elam\",\"image\":{\"@type\":\"ImageObject\",\"inLanguage\":\"fr-FR\",\"@id\":\"https:\/\/elam.ca\/fr\/#\/schema\/person\/image\/\",\"url\":\"https:\/\/secure.gravatar.com\/avatar\/afbac6ee0f65ff6e42aa57ab8530cf6d9a359ec315e31450bfec8a34971a2934?s=96&d=mm&r=g\",\"contentUrl\":\"https:\/\/secure.gravatar.com\/avatar\/afbac6ee0f65ff6e42aa57ab8530cf6d9a359ec315e31450bfec8a34971a2934?s=96&d=mm&r=g\",\"caption\":\"elam\"},\"sameAs\":[\"http:\/\/elam.wpengine.com\"],\"url\":\"https:\/\/elam.ca\/fr\/author\/elam\"}]}<\/script>\n<!-- \/ Yoast SEO Premium plugin. -->","yoast_head_json":{"title":"Les 12 jours de dons d'ELAM\u202f: r\u00e9pandre la joie des F\u00eates et faire une diff\u00e9rence - ELAM","description":"Chez ELAM, nous croyons au au pouvoir de donner au suivant, surtout pendant la p\u00e9riode des f\u00eates. Au cours des quatre derni\u00e8res ann\u00e9es, nous avons c\u00e9l\u00e9br\u00e9 les 12 jours de dons, une tradition qui nous permet de montrer notre gratitude \u00e0 nos clients et \u00e0 la communaut\u00e9 en soutenant une vari\u00e9t\u00e9 de causes significatives. Cette initiative ne consiste pas seulement \u00e0 faire des dons ; il s'agit de favoriser une raison d'\u00eatre, de la compassion et de la responsabilit\u00e9 sociale - des valeurs qui nous sont ch\u00e8res \u00e0 ELAM depuis le d\u00e9but. De l'offre de formation linguistique \u00e0 nos frais \u00e0 des organismes comme le YMCA f\u00e9minin en 2001 \u00e0 la course \u00e0 la Fondation qu\u00e9b\u00e9coise du cancer en 2024\u202f!","robots":{"index":"index","follow":"follow","max-snippet":"max-snippet:-1","max-image-preview":"max-image-preview:large","max-video-preview":"max-video-preview:-1"},"canonical":"http:\/\/elam.ca\/fr\/articles-de-blogue-recents\/les-12-jours-de-dons-delam-repandre-la-joie-des-fetes-et-faire-une-difference","og_locale":"fr_FR","og_type":"article","og_title":"Les 12 jours de dons d'ELAM\u202f: r\u00e9pandre la joie des F\u00eates et faire une diff\u00e9rence","og_description":"Chez ELAM, nous croyons au au pouvoir de donner au suivant, surtout pendant la p\u00e9riode des f\u00eates. Au cours des quatre derni\u00e8res ann\u00e9es, nous avons c\u00e9l\u00e9br\u00e9 les 12 jours de dons, une tradition qui nous permet de montrer notre gratitude \u00e0 nos clients et \u00e0 la communaut\u00e9 en soutenant une vari\u00e9t\u00e9 de causes significatives. Cette initiative ne consiste pas seulement \u00e0 faire des dons ; il s'agit de favoriser une raison d'\u00eatre, de la compassion et de la responsabilit\u00e9 sociale - des valeurs qui nous sont ch\u00e8res \u00e0 ELAM depuis le d\u00e9but. De l'offre de formation linguistique \u00e0 nos frais \u00e0 des organismes comme le YMCA f\u00e9minin en 2001 \u00e0 la course \u00e0 la Fondation qu\u00e9b\u00e9coise du cancer en 2024\u202f!","og_url":"http:\/\/elam.ca\/fr\/articles-de-blogue-recents\/les-12-jours-de-dons-delam-repandre-la-joie-des-fetes-et-faire-une-difference","og_site_name":"ELAM","article_publisher":"https:\/\/www.facebook.com\/ELAM.qc.ca","article_published_time":"2024-12-02T17:58:50+00:00","article_modified_time":"2026-01-28T16:56:11+00:00","og_image":[{"width":630,"height":620,"url":"http:\/\/elam.ca\/wp-content\/uploads\/2024\/12\/image-15.jpg","type":"image\/jpeg"}],"author":"elam","twitter_card":"summary_large_image","twitter_title":"Les 12 jours de dons d'ELAM\u202f: r\u00e9pandre la joie des F\u00eates et faire une diff\u00e9rence","twitter_description":"Chez ELAM, nous croyons au au pouvoir de donner au suivant, surtout pendant la p\u00e9riode des f\u00eates. Au cours des quatre derni\u00e8res ann\u00e9es, nous avons c\u00e9l\u00e9br\u00e9 les 12 jours de dons, une tradition qui nous permet de montrer notre gratitude \u00e0 nos clients et \u00e0 la communaut\u00e9 en soutenant une vari\u00e9t\u00e9 de causes significatives. Cette initiative ne consiste pas seulement \u00e0 faire des dons ; il s'agit de favoriser une raison d'\u00eatre, de la compassion et de la responsabilit\u00e9 sociale - des valeurs qui nous sont ch\u00e8res \u00e0 ELAM depuis le d\u00e9but. De l'offre de formation linguistique \u00e0 nos frais \u00e0 des organismes comme le YMCA f\u00e9minin en 2001 \u00e0 la course \u00e0 la Fondation qu\u00e9b\u00e9coise du cancer en 2024\u202f!","twitter_creator":"@ELAMca","twitter_site":"@ELAMca","twitter_misc":{"Written by":"elam","Est. reading time":"6 minutes"},"schema":{"@context":"https:\/\/schema.org","@graph":[{"@type":"Article","@id":"http:\/\/elam.ca\/fr\/articles-de-blogue-recents\/les-12-jours-de-dons-delam-repandre-la-joie-des-fetes-et-faire-une-difference#article","isPartOf":{"@id":"http:\/\/elam.ca\/fr\/articles-de-blogue-recents\/les-12-jours-de-dons-delam-repandre-la-joie-des-fetes-et-faire-une-difference"},"author":{"name":"elam","@id":"https:\/\/elam.ca\/fr\/#\/schema\/person\/c04840fe3258fc537d2f43fb50454710"},"headline":"Les 12 jours de dons d&#8217;ELAM\u202f: r\u00e9pandre la joie des F\u00eates et faire une diff\u00e9rence","datePublished":"2024-12-02T17:58:50+00:00","dateModified":"2026-01-28T16:56:11+00:00","mainEntityOfPage":{"@id":"http:\/\/elam.ca\/fr\/articles-de-blogue-recents\/les-12-jours-de-dons-delam-repandre-la-joie-des-fetes-et-faire-une-difference"},"wordCount":1008,"publisher":{"@id":"https:\/\/elam.ca\/fr\/#organization"},"image":{"@id":"http:\/\/elam.ca\/fr\/articles-de-blogue-recents\/les-12-jours-de-dons-delam-repandre-la-joie-des-fetes-et-faire-une-difference#primaryimage"},"thumbnailUrl":"https:\/\/elam.ca\/wp-content\/uploads\/2024\/12\/image-15.jpg","keywords":["Apprendre les langues en ligne","Apprendre une langue en ligne","Apprenrde des langues","Apprentissage et d\u00e9veloppement"],"articleSection":["Article r\u00e9cent","Articles de blogue r\u00e9cents","Cours de langues","Ressources pour les R.H","Technologie d'\u00e9ducation"],"inLanguage":"fr-FR"},{"@type":"WebPage","@id":"http:\/\/elam.ca\/fr\/articles-de-blogue-recents\/les-12-jours-de-dons-delam-repandre-la-joie-des-fetes-et-faire-une-difference","url":"http:\/\/elam.ca\/fr\/articles-de-blogue-recents\/les-12-jours-de-dons-delam-repandre-la-joie-des-fetes-et-faire-une-difference","name":"Les 12 jours de dons d'ELAM\u202f: r\u00e9pandre la joie des F\u00eates et faire une diff\u00e9rence - ELAM","isPartOf":{"@id":"https:\/\/elam.ca\/fr\/#website"},"primaryImageOfPage":{"@id":"http:\/\/elam.ca\/fr\/articles-de-blogue-recents\/les-12-jours-de-dons-delam-repandre-la-joie-des-fetes-et-faire-une-difference#primaryimage"},"image":{"@id":"http:\/\/elam.ca\/fr\/articles-de-blogue-recents\/les-12-jours-de-dons-delam-repandre-la-joie-des-fetes-et-faire-une-difference#primaryimage"},"thumbnailUrl":"https:\/\/elam.ca\/wp-content\/uploads\/2024\/12\/image-15.jpg","datePublished":"2024-12-02T17:58:50+00:00","dateModified":"2026-01-28T16:56:11+00:00","description":"Chez ELAM, nous croyons au au pouvoir de donner au suivant, surtout pendant la p\u00e9riode des f\u00eates. Au cours des quatre derni\u00e8res ann\u00e9es, nous avons c\u00e9l\u00e9br\u00e9 les 12 jours de dons, une tradition qui nous permet de montrer notre gratitude \u00e0 nos clients et \u00e0 la communaut\u00e9 en soutenant une vari\u00e9t\u00e9 de causes significatives. Cette initiative ne consiste pas seulement \u00e0 faire des dons ; il s'agit de favoriser une raison d'\u00eatre, de la compassion et de la responsabilit\u00e9 sociale - des valeurs qui nous sont ch\u00e8res \u00e0 ELAM depuis le d\u00e9but. De l'offre de formation linguistique \u00e0 nos frais \u00e0 des organismes comme le YMCA f\u00e9minin en 2001 \u00e0 la course \u00e0 la Fondation qu\u00e9b\u00e9coise du cancer en 2024\u202f!","breadcrumb":{"@id":"http:\/\/elam.ca\/fr\/articles-de-blogue-recents\/les-12-jours-de-dons-delam-repandre-la-joie-des-fetes-et-faire-une-difference#breadcrumb"},"inLanguage":"fr-FR","potentialAction":[{"@type":"ReadAction","target":["http:\/\/elam.ca\/fr\/articles-de-blogue-recents\/les-12-jours-de-dons-delam-repandre-la-joie-des-fetes-et-faire-une-difference"]}]},{"@type":"ImageObject","inLanguage":"fr-FR","@id":"http:\/\/elam.ca\/fr\/articles-de-blogue-recents\/les-12-jours-de-dons-delam-repandre-la-joie-des-fetes-et-faire-une-difference#primaryimage","url":"https:\/\/elam.ca\/wp-content\/uploads\/2024\/12\/image-15.jpg","contentUrl":"https:\/\/elam.ca\/wp-content\/uploads\/2024\/12\/image-15.jpg","width":630,"height":620},{"@type":"BreadcrumbList","@id":"http:\/\/elam.ca\/fr\/articles-de-blogue-recents\/les-12-jours-de-dons-delam-repandre-la-joie-des-fetes-et-faire-une-difference#breadcrumb","itemListElement":[{"@type":"ListItem","position":1,"name":"Home","item":"https:\/\/elam.ca\/en"},{"@type":"ListItem","position":2,"name":"Les 12 jours de dons d&#8217;ELAM\u202f: r\u00e9pandre la joie des F\u00eates et faire une diff\u00e9rence"}]},{"@type":"WebSite","@id":"https:\/\/elam.ca\/fr\/#website","url":"https:\/\/elam.ca\/fr\/","name":"Elam","description":"ELAM Site","publisher":{"@id":"https:\/\/elam.ca\/fr\/#organization"},"potentialAction":[{"@type":"SearchAction","target":{"@type":"EntryPoint","urlTemplate":"https:\/\/elam.ca\/fr\/?s={search_term_string}"},"query-input":{"@type":"PropertyValueSpecification","valueRequired":true,"valueName":"search_term_string"}}],"inLanguage":"fr-FR"},{"@type":"Organization","@id":"https:\/\/elam.ca\/fr\/#organization","name":"Elam","url":"https:\/\/elam.ca\/fr\/","logo":{"@type":"ImageObject","inLanguage":"fr-FR","@id":"https:\/\/elam.ca\/fr\/#\/schema\/logo\/image\/","url":"https:\/\/live-elam-site.pantheonsite.io\/wp-content\/uploads\/2021\/06\/elam-og-image.png","contentUrl":"https:\/\/live-elam-site.pantheonsite.io\/wp-content\/uploads\/2021\/06\/elam-og-image.png","width":1200,"height":628,"caption":"Elam"},"image":{"@id":"https:\/\/elam.ca\/fr\/#\/schema\/logo\/image\/"},"sameAs":["https:\/\/www.facebook.com\/ELAM.qc.ca","https:\/\/x.com\/ELAMca","https:\/\/www.instagram.com\/elaminstagram\/"]},{"@type":"Person","@id":"https:\/\/elam.ca\/fr\/#\/schema\/person\/c04840fe3258fc537d2f43fb50454710","name":"elam","image":{"@type":"ImageObject","inLanguage":"fr-FR","@id":"https:\/\/elam.ca\/fr\/#\/schema\/person\/image\/","url":"https:\/\/secure.gravatar.com\/avatar\/afbac6ee0f65ff6e42aa57ab8530cf6d9a359ec315e31450bfec8a34971a2934?s=96&d=mm&r=g","contentUrl":"https:\/\/secure.gravatar.com\/avatar\/afbac6ee0f65ff6e42aa57ab8530cf6d9a359ec315e31450bfec8a34971a2934?s=96&d=mm&r=g","caption":"elam"},"sameAs":["http:\/\/elam.wpengine.com"],"url":"https:\/\/elam.ca\/fr\/author\/elam"}]}},"menu_order":0,"_links":{"self":[{"href":"https:\/\/elam.ca\/fr\/wp-json\/wp\/v2\/posts\/29835","targetHints":{"allow":["GET"]}}],"collection":[{"href":"https:\/\/elam.ca\/fr\/wp-json\/wp\/v2\/posts"}],"about":[{"href":"https:\/\/elam.ca\/fr\/wp-json\/wp\/v2\/types\/post"}],"author":[{"embeddable":true,"href":"https:\/\/elam.ca\/fr\/wp-json\/wp\/v2\/users\/1"}],"replies":[{"embeddable":true,"href":"https:\/\/elam.ca\/fr\/wp-json\/wp\/v2\/comments?post=29835"}],"version-history":[{"count":13,"href":"https:\/\/elam.ca\/fr\/wp-json\/wp\/v2\/posts\/29835\/revisions"}],"predecessor-version":[{"id":31529,"href":"https:\/\/elam.ca\/fr\/wp-json\/wp\/v2\/posts\/29835\/revisions\/31529"}],"wp:featuredmedia":[{"embeddable":true,"href":"https:\/\/elam.ca\/fr\/wp-json\/wp\/v2\/media\/29853"}],"wp:attachment":[{"href":"https:\/\/elam.ca\/fr\/wp-json\/wp\/v2\/media?parent=29835"}],"wp:term":[{"taxonomy":"category","embeddable":true,"href":"https:\/\/elam.ca\/fr\/wp-json\/wp\/v2\/categories?post=29835"},{"taxonomy":"post_tag","embeddable":true,"href":"https:\/\/elam.ca\/fr\/wp-json\/wp\/v2\/tags?post=29835"}],"curies":[{"name":"wp","href":"https:\/\/api.w.org\/{rel}","templated":true}]}}