{"id":28995,"date":"2023-12-14T16:00:12","date_gmt":"2023-12-14T16:00:12","guid":{"rendered":"https:\/\/live-elam-site.pantheonsite.io\/?p=28995"},"modified":"2023-12-14T16:00:14","modified_gmt":"2023-12-14T16:00:14","slug":"12-jours-de-dons-2023","status":"publish","type":"post","link":"https:\/\/elam.ca\/fr\/articles-de-blogue-recents\/12-jours-de-dons-2023","title":{"rendered":"12 jours de dons 2023"},"content":{"rendered":"\t\t<div data-elementor-type=\"wp-post\" data-elementor-id=\"28995\" class=\"elementor elementor-28995\" data-elementor-post-type=\"post\">\n\t\t\t\t\t\t<section class=\"elementor-section elementor-top-section elementor-element elementor-element-33bbeec0 elementor-section-boxed elementor-section-height-default elementor-section-height-default\" data-id=\"33bbeec0\" data-element_type=\"section\">\r\n\t\t\t\t\t\t<div class=\"elementor-container elementor-column-gap-thegem\"><div class=\"elementor-row\">\r\n\t\t\t\t\t<div class=\"elementor-column elementor-col-100 elementor-top-column elementor-element elementor-element-28fdc6e\" data-id=\"28fdc6e\" data-element_type=\"column\">\n\t\t\t<div class=\"elementor-widget-wrap elementor-element-populated\">\n\t\t\t\t\t\t<div class=\"elementor-element elementor-element-72d5a2a5 elementor-widget__width-initial flex-horizontal-align-default flex-horizontal-align-tablet-default flex-horizontal-align-mobile-default flex-vertical-align-default flex-vertical-align-tablet-default flex-vertical-align-mobile-default elementor-widget elementor-widget-text-editor\" data-id=\"72d5a2a5\" data-element_type=\"widget\" data-widget_type=\"text-editor.default\">\n\t\t\t\t<div class=\"elementor-widget-container\">\n\t\t\t\t\t\t\t\t\t\t\t\t<div class=\"elementor-text-editor elementor-clearfix\">\r\n\t\t\t\t\t\t<p>Au cours des quatre derni\u00e8res ann\u00e9es, ELAM a adopt\u00e9 une tradition r\u00e9confortante : &#8220;12 jours de dons&#8221;. Cette ann\u00e9e les 12 jour de dons se poursuivant jusqu&#8217;au 14 d\u00e9cembre, notre \u00e9quipe et nos clients se lancent dans un voyage de g\u00e9n\u00e9rosit\u00e9, consacrant leurs efforts au soutien de diverses causes caritatives. Il s&#8217;agit d&#8217;une tradition ancestrale au cours de laquelle nos employ\u00e9s, nos enseignants et nos clients se r\u00e9unissent pour d\u00e9signer et choisir des organisations caritatives. Cette ann\u00e9e, comme par le pass\u00e9, nous avons poursuivi cette tradition, en encourageant la joie et en ayant un impact positif sur le monde. Rejoignez-nous sur ce chemin de la donation et d\u00e9couvrez les b\u00e9n\u00e9ficiaires de nos dons de cette ann\u00e9e, en mettant en avant les organisations remarquables que nous avons eu le privil\u00e8ge de soutenir.<\/p><p><strong><img class=\"alignleft size-full wp-image-28986\" src=\"https:\/\/dev-elam-site.pantheonsite.io\/wp-content\/uploads\/2023\/12\/wv-logo.svg\" alt=\"\" width=\"552\" height=\"109\" \/>Jour 1 :<\/strong> Avec plus de 70 ans d&#8217;exp\u00e9rience et d&#8217;expertise, <strong><span style=\"text-decoration: underline;\"><span style=\"color: #ff6600; text-decoration: underline;\"><a style=\"color: #ff6600; text-decoration: underline;\" href=\"https:\/\/www.worldvision.ca\/?&amp;utm_source=google&amp;utm_medium=cpc&amp;utm_campaign=brand-fy23&amp;mc=4568200&amp;gad_source=1&amp;gclid=Cj0KCQiA7OqrBhD9ARIsAK3UXh2foBxPLZAxieGZGCDL4ArsxTjRo8ll98mM2t73mX8-qV7xK989vr8aAucyEALw_wcB&amp;gclsrc=aw.ds\">World Vision<\/a><\/span><\/span><\/strong> travaille aux c\u00f4t\u00e9s des communaut\u00e9s, des sympathisants, des partenaires et des gouvernements pour changer la fa\u00e7on dont le monde fonctionne pour les enfants, en se concentrant sur trois domaines sp\u00e9cifiques : l&#8217;aide d&#8217;urgence, le d\u00e9veloppement transformationnel et la promotion de la justice.<\/p><p><strong><img class=\"size-full wp-image-28982 alignright\" src=\"https:\/\/dev-elam-site.pantheonsite.io\/wp-content\/uploads\/2023\/12\/POI_LOGO_COLOR_WEB.png\" alt=\"\" width=\"250\" height=\"75\" \/>Jour 2 : <span style=\"text-decoration: underline;\"><span style=\"color: #ff6600; text-decoration: underline;\"><a style=\"color: #ff6600; text-decoration: underline;\" href=\"https:\/\/plasticoceans.org\/?gclid=Cj0KCQiA7OqrBhD9ARIsAK3UXh1TQG2vj78oyv3FILWVJSdxGYe12N8lYrTCzPcVjOJ8_Xo-VeDKy28aAsg7EALw_wcB\">Plastic Oceans International<\/a><\/span><\/span><\/strong> est une organisation \u00e0 but non lucratif bas\u00e9e aux \u00c9tats-Unis (501(c)(3)) dont l&#8217;objectif est de mettre fin \u00e0 la pollution plastique et d&#8217;encourager les communaut\u00e9s durables dans le monde entier. L&#8217;organisation est convaincue que nous pouvons et devons agir au niveau local pour cr\u00e9er un changement au niveau mondial, en se concentrant sur l&#8217;\u00e9ducation, l&#8217;activisme, le plaidoyer et la science.<\/p><p><strong><img class=\"alignleft size-medium wp-image-28980\" src=\"https:\/\/dev-elam-site.pantheonsite.io\/wp-content\/uploads\/2023\/12\/Logooorrr-300x144.jpeg\" alt=\"\" width=\"300\" height=\"144\" srcset=\"https:\/\/elam.ca\/wp-content\/uploads\/2023\/12\/Logooorrr-300x144.jpeg 300w, https:\/\/elam.ca\/wp-content\/uploads\/2023\/12\/Logooorrr.jpeg 750w\" sizes=\"(max-width: 300px) 100vw, 300px\" \/>Jour 3 : <span style=\"text-decoration: underline;\"><span style=\"color: #ff6600; text-decoration: underline;\"><a style=\"color: #ff6600; text-decoration: underline;\" href=\"https:\/\/refugerr.org\/\">Refuge RR<\/a><\/span><\/span><\/strong> a pour objectif d&#8217;aider les personnes les plus maltrait\u00e9es de notre soci\u00e9t\u00e9. L&#8217;association sauve des animaux dans le besoin provenant de diff\u00e9rents secteurs de l&#8217;industrie animale et fournit des soins v\u00e9t\u00e9rinaires et de r\u00e9\u00e9ducation dans les cas de s\u00e9vices physiques graves et de traumatismes mentaux. Pour ceux qui ne peuvent pas \u00eatre adopt\u00e9s, ils offrent un refuge \u00e0 vie.<\/p><p><strong><img class=\"size-full wp-image-28976 alignright\" src=\"https:\/\/dev-elam-site.pantheonsite.io\/wp-content\/uploads\/2023\/12\/logo-2cd.png\" alt=\"\" width=\"140\" height=\"215\" \/>Jour 4 : <span style=\"text-decoration: underline;\"><span style=\"color: #ff6600; text-decoration: underline;\"><a style=\"color: #ff6600; text-decoration: underline;\" href=\"https:\/\/www.chezdoris.org\/\">Chez Doris,<\/a><\/span><\/span><\/strong> fond\u00e9e en 1977 en tant que refuge de jour pour les femmes en difficult\u00e9, cette organisation accueille aujourd&#8217;hui chaque ann\u00e9e plus de 1 500 femmes vuln\u00e9rables, auxquelles elle offre des services complets tels que des v\u00eatements, une aide \u00e0 la gestion financi\u00e8re, des services m\u00e9dicaux et des solutions en mati\u00e8re de logement.<\/p><p><strong><img class=\"alignleft size-full wp-image-28990\" src=\"https:\/\/dev-elam-site.pantheonsite.io\/wp-content\/uploads\/2023\/12\/uw-logo-en.svg\" alt=\"\" width=\"170\" height=\"67\" \/>Jour 5 : <span style=\"text-decoration: underline;\"><span style=\"color: #ff6600; text-decoration: underline;\"><a style=\"color: #ff6600; text-decoration: underline;\" href=\"https:\/\/www.unitedway.ca\/\">Centraide Canada<\/a><\/span><\/span><\/strong> am\u00e9liore les conditions de vie au niveau local en faisant passer les gens de la pauvret\u00e9 \u00e0 la possibilit\u00e9, en aidant les enfants \u00e0 atteindre leur plein potentiel et en b\u00e2tissant des communaut\u00e9s fortes et saines.<\/p><p><strong><img class=\"size-medium wp-image-28974 alignright\" src=\"https:\/\/dev-elam-site.pantheonsite.io\/wp-content\/uploads\/2023\/12\/Lebanon-300x186.png\" alt=\"\" width=\"300\" height=\"186\" srcset=\"https:\/\/elam.ca\/wp-content\/uploads\/2023\/12\/Lebanon-300x186.png 300w, https:\/\/elam.ca\/wp-content\/uploads\/2023\/12\/Lebanon-1024x636.png 1024w, https:\/\/elam.ca\/wp-content\/uploads\/2023\/12\/Lebanon-768x477.png 768w, https:\/\/elam.ca\/wp-content\/uploads\/2023\/12\/Lebanon.png 1500w\" sizes=\"(max-width: 300px) 100vw, 300px\" \/>Jour 6 : <span style=\"text-decoration: underline;\"><span style=\"color: #ff6600; text-decoration: underline;\"><a style=\"color: #ff6600; text-decoration: underline;\" href=\"https:\/\/www.rescuedogslebanoncanada.org\/\">Rescue Dogs Lebanon-CANADA<\/a><\/span><\/span><\/strong> met en contact des chiens et des chats abandonn\u00e9s du Liban avec des familles canadiennes, travaillant sans rel\u00e2che au sauvetage et au relogement de ces animaux.<\/p><p><strong><img class=\"alignleft size-full wp-image-28992\" src=\"https:\/\/dev-elam-site.pantheonsite.io\/wp-content\/uploads\/2023\/12\/logo.svg\" alt=\"\" width=\"300\" height=\"170\" \/>Jour 7 : <span style=\"text-decoration: underline;\"><span style=\"color: #ff6600; text-decoration: underline;\"><a style=\"color: #ff6600; text-decoration: underline;\" href=\"https:\/\/aubergetransition.org\/\">Auberge Transition<\/a><\/span><\/span><\/strong> offre un refuge, des informations, des conseils et des services de suivi aux femmes qui subissent ou ont subi toute forme de violence conjugale, dans le but de rompre l&#8217;isolement et d&#8217;informer la communaut\u00e9 de l&#8217;aide disponible.<\/p><p><strong><img class=\"size-full wp-image-28972 alignright\" src=\"https:\/\/dev-elam-site.pantheonsite.io\/wp-content\/uploads\/2023\/12\/FHCLM_logo_bleu_slogan.svg\" alt=\"\" width=\"585\" height=\"157\" \/><\/strong><\/p><p>\u00a0<\/p><p><strong>Jour 8 :<\/strong> Depuis 1964, la <strong><span style=\"text-decoration: underline;\"><span style=\"color: #ff6600; text-decoration: underline;\"><a style=\"color: #ff6600; text-decoration: underline;\" href=\"https:\/\/fhclm.ca\/?gclid=Cj0KCQiA7OqrBhD9ARIsAK3UXh3y6eJPSftVDpHkiXFNvJpgM4vaYOAhO0joK9lkpDbYrAiGGZevdIcaApb0EALw_wcB\">Fondation de l&#8217;H\u00f4pital Charles-LeMoyne<\/a> <\/span><\/span><\/strong>acc\u00e9l\u00e8re le d\u00e9veloppement de l&#8217;h\u00f4pital, offrant aux patients et aux familles l&#8217;acc\u00e8s \u00e0 des soins de sant\u00e9 de qualit\u00e9.<\/p><p>\u00a0<\/p><p>\u00a0<\/p><p><strong><img class=\"alignleft size-medium wp-image-28970\" src=\"https:\/\/dev-elam-site.pantheonsite.io\/wp-content\/uploads\/2023\/12\/fbcad_logo_fr-1-300x71.png\" alt=\"\" width=\"300\" height=\"71\" srcset=\"https:\/\/elam.ca\/wp-content\/uploads\/2023\/12\/fbcad_logo_fr-1-300x71.png 300w, https:\/\/elam.ca\/wp-content\/uploads\/2023\/12\/fbcad_logo_fr-1.png 560w\" sizes=\"(max-width: 300px) 100vw, 300px\" \/><\/strong><\/p><p><strong>Jour 9 : <span style=\"color: #ff6600;\"><a style=\"color: #ff6600; text-decoration: underline;\" href=\"https:\/\/web.foodbankscanada.ca\/cn\/avlfe\/holiday-digital-2\/?utm_campaign=12997_FBC_Holiday-Digital&amp;utm_source=google&amp;utm_medium=search&amp;apl=DMHOLIDAY2023&amp;pck=googlesearch&amp;gad_source=1&amp;gclid=Cj0KCQiA7OqrBhD9ARIsAK3UXh11GPRe-_JQnHzLYAg19qsEXzf9ztgHJGMW66cNO1-7OpnqU-BX7eIaAiEvEALw_wcB\">Banques alimentaires du Qu\u00e9bec<\/a><\/span><\/strong> joue un r\u00f4le essentiel en nourrissant plus de 870 000 personnes par mois gr\u00e2ce \u00e0 son vaste r\u00e9seau provincial et \u00e0 ses membres r\u00e9gionaux qui desservent les communaut\u00e9s locales.<\/p><p><strong><img class=\"size-medium wp-image-28978 alignright\" src=\"https:\/\/dev-elam-site.pantheonsite.io\/wp-content\/uploads\/2023\/12\/logo-dans-la-rue_v2-300x118.jpeg\" alt=\"\" width=\"300\" height=\"118\" srcset=\"https:\/\/elam.ca\/wp-content\/uploads\/2023\/12\/logo-dans-la-rue_v2-300x118.jpeg 300w, https:\/\/elam.ca\/wp-content\/uploads\/2023\/12\/logo-dans-la-rue_v2.jpeg 700w\" sizes=\"(max-width: 300px) 100vw, 300px\" \/>Jour 10 : <span style=\"text-decoration: underline;\"><span style=\"color: #ff6600; text-decoration: underline;\"><a style=\"color: #ff6600; text-decoration: underline;\" href=\"https:\/\/danslarue.org\/faire-un-don\/?gclid=Cj0KCQiA7OqrBhD9ARIsAK3UXh1wX4833gYKTQPMhzE6r4vuWsezeaTxi3iTrHTM1Qx39PYnvWf7ioUaAt6rEALw_wcB\">Dans la rue<\/a><\/span><\/span><\/strong> aide les jeunes sans-abri et \u00e0 risque \u00e0 acqu\u00e9rir les comp\u00e9tences et les ressources n\u00e9cessaires pour mener une vie plus autonome, en s&#8217;appuyant sur le d\u00e9vouement, l&#8217;empathie et l&#8217;engagement communautaire.<\/p><p><strong><img class=\"alignleft size-medium wp-image-28984\" src=\"https:\/\/dev-elam-site.pantheonsite.io\/wp-content\/uploads\/2023\/12\/SPCA-MONTREAL-RGB-C-244x300.png\" alt=\"\" width=\"244\" height=\"300\" srcset=\"https:\/\/elam.ca\/wp-content\/uploads\/2023\/12\/SPCA-MONTREAL-RGB-C-244x300.png 244w, https:\/\/elam.ca\/wp-content\/uploads\/2023\/12\/SPCA-MONTREAL-RGB-C-834x1024.png 834w, https:\/\/elam.ca\/wp-content\/uploads\/2023\/12\/SPCA-MONTREAL-RGB-C-768x943.png 768w, https:\/\/elam.ca\/wp-content\/uploads\/2023\/12\/SPCA-MONTREAL-RGB-C.png 858w\" sizes=\"(max-width: 244px) 100vw, 244px\" \/>Jour 11 :<\/strong> La <strong><span style=\"text-decoration: underline;\"><span style=\"color: #ff6600; text-decoration: underline;\"><a style=\"color: #ff6600; text-decoration: underline;\" href=\"https:\/\/www.spca.com\/en\/donate\/?gad_source=1&amp;gclid=Cj0KCQiA7OqrBhD9ARIsAK3UXh08IpzsMsojQiHWaVMX3Y8_JHoaa0OErVSpLCrdOX6OdezJ1BUQ254aAo5gEALw_wcB\">SPCA de Montr\u00e9al<\/a><\/span><\/span><\/strong>, fond\u00e9e en 1869, est le plus important organisme de protection des animaux au Qu\u00e9bec. Elle d\u00e9fend le bien-\u00eatre des animaux et s&#8217;\u00e9l\u00e8ve contre la cruaut\u00e9, la n\u00e9gligence et l&#8217;exploitation.<\/p><p><strong><img class=\"size-full wp-image-28988 alignright\" src=\"https:\/\/dev-elam-site.pantheonsite.io\/wp-content\/uploads\/2023\/12\/L_LePtitBonheur-DeSablon_RGB_v2-300x97-1.png\" alt=\"\" width=\"300\" height=\"97\" \/>Jour 12 :<\/strong> Depuis plus de 20 ans, <strong><span style=\"text-decoration: underline;\"><span style=\"color: #ff6600; text-decoration: underline;\"><a style=\"color: #ff6600; text-decoration: underline;\" href=\"https:\/\/fondationsablon.com\/\">la Fondation du Sablon<\/a><\/span><\/span><\/strong> aide les enfants issus de milieux d\u00e9favoris\u00e9s \u00e0 s&#8217;\u00e9panouir et \u00e0 r\u00e9aliser leur potentiel par le biais d&#8217;activit\u00e9s sportives et de plein air.<\/p><p>\u00a0<\/p><p>\u00a0<\/p><p>\u00a0<\/p><p>\u00a0<\/p><p><img class=\"size-medium wp-image-28994 alignright\" src=\"https:\/\/dev-elam-site.pantheonsite.io\/wp-content\/uploads\/2023\/12\/IMG_9100-1-211x300.jpg\" alt=\"\" width=\"211\" height=\"300\" srcset=\"https:\/\/elam.ca\/wp-content\/uploads\/2023\/12\/IMG_9100-1-211x300.jpg 211w, https:\/\/elam.ca\/wp-content\/uploads\/2023\/12\/IMG_9100-1-719x1024.jpg 719w, https:\/\/elam.ca\/wp-content\/uploads\/2023\/12\/IMG_9100-1-768x1094.jpg 768w, https:\/\/elam.ca\/wp-content\/uploads\/2023\/12\/IMG_9100-1-1078x1536.jpg 1078w, https:\/\/elam.ca\/wp-content\/uploads\/2023\/12\/IMG_9100-1-1437x2048.jpg 1437w, https:\/\/elam.ca\/wp-content\/uploads\/2023\/12\/IMG_9100-1-scaled.jpg 1796w\" sizes=\"(max-width: 211px) 100vw, 211px\" \/><\/p><p>Toute l&#8217;\u00e9quipe d&#8217;<strong><span style=\"text-decoration: underline;\"><span style=\"color: #ff6600; text-decoration: underline;\"><a style=\"color: #ff6600; text-decoration: underline;\" href=\"https:\/\/dev-elam-site.pantheonsite.io\">ELAM<\/a><\/span><\/span><\/strong> vous souhaite de joyeuses f\u00eates et une bonne ann\u00e9e !<\/p>\t\t\t\t\t\t\t<\/div>\r\n\t\t\t\t\t\t\t\t\t\t<\/div>\n\t\t\t\t<\/div>\n\t\t\t\t\t<\/div>\n\t\t<\/div>\n\t\t\t\t\t<\/div><\/div>\r\n\t\t<\/section>\r\n\t\t\t\t<\/div>\n\t\t","protected":false},"excerpt":{"rendered":"<p>Au cours des quatre derni\u00e8res ann\u00e9es, ELAM a adopt\u00e9 une tradition r\u00e9confortante : &#8220;12 jours de g\u00e9n\u00e9rosit\u00e9&#8221;. Lanc\u00e9e cette ann\u00e9e le mardi de la g\u00e9n\u00e9rosit\u00e9 et se poursuivant jusqu&#8217;au 14 d\u00e9cembre, notre \u00e9quipe et nos clients se lancent dans un voyage de g\u00e9n\u00e9rosit\u00e9, consacrant leurs efforts au soutien de diverses causes caritatives. Il s&#8217;agit d&#8217;une tradition ancestrale au cours de laquelle nos employ\u00e9s, nos enseignants et nos clients se r\u00e9unissent pour d\u00e9signer et choisir des organisations caritatives. Cette ann\u00e9e, comme par le pass\u00e9, nous avons poursuivi cette tradition, en encourageant la joie et en ayant un impact positif sur le monde. Rejoignez-nous sur ce chemin de la donation et d\u00e9couvrez les b\u00e9n\u00e9ficiaires de nos dons de cette ann\u00e9e, en mettant en avant les organisations remarquables que nous avons eu le privil\u00e8ge de soutenir.<\/p>\n","protected":false},"author":1,"featured_media":28994,"comment_status":"closed","ping_status":"open","sticky":false,"template":"","format":"standard","meta":{"footnotes":""},"categories":[137,116,99,115,193],"tags":[104,102,100,118],"class_list":{"0":"post-28995","1":"post","2":"type-post","3":"status-publish","4":"format-standard","5":"has-post-thumbnail","7":"category-article-recent","8":"category-articles-de-blogue-recents","9":"category-cours-langues","10":"category-ressources-rh","11":"category-technologie-deducation","12":"tag-apprendre-les-langues-en-ligne","13":"tag-apprendre-une-langue-en-ligne","14":"tag-apprenrde-des-langues","15":"tag-apprentissage-et-developpement"},"yoast_head":"<!-- This site is optimized with the Yoast SEO Premium plugin v22.4 (Yoast SEO v26.7) - https:\/\/yoast.com\/wordpress\/plugins\/seo\/ -->\n<title>12 jours de dons 2023 - ELAM<\/title>\n<meta name=\"description\" content=\"Au cours des quatre derni\u00e8res ann\u00e9es, ELAM a adopt\u00e9 une tradition r\u00e9confortante : &quot;12 jours de g\u00e9n\u00e9rosit\u00e9&quot;. Lanc\u00e9e cette ann\u00e9e le mardi de la g\u00e9n\u00e9rosit\u00e9 et se poursuivant jusqu&#039;au 14 d\u00e9cembre, notre \u00e9quipe et nos clients se lancent dans un voyage de g\u00e9n\u00e9rosit\u00e9, consacrant leurs efforts au soutien de diverses causes caritatives. Il s&#039;agit d&#039;une tradition ancestrale au cours de laquelle nos employ\u00e9s, nos enseignants et nos clients se r\u00e9unissent pour d\u00e9signer et choisir des organisations caritatives. Cette ann\u00e9e, comme par le pass\u00e9, nous avons poursuivi cette tradition, en encourageant la joie et en ayant un impact positif sur le monde. Rejoignez-nous sur ce chemin de la donation et d\u00e9couvrez les b\u00e9n\u00e9ficiaires de nos dons de cette ann\u00e9e, en mettant en avant les organisations remarquables que nous avons eu le privil\u00e8ge de soutenir.\" \/>\n<meta name=\"robots\" content=\"index, follow, max-snippet:-1, max-image-preview:large, max-video-preview:-1\" \/>\n<link rel=\"canonical\" href=\"http:\/\/elam.ca\/fr\/articles-de-blogue-recents\/12-jours-de-dons-2023\" \/>\n<meta property=\"og:locale\" content=\"fr_FR\" \/>\n<meta property=\"og:type\" content=\"article\" \/>\n<meta property=\"og:title\" content=\"12 jours de dons 2023\" \/>\n<meta property=\"og:description\" content=\"Au cours des quatre derni\u00e8res ann\u00e9es, ELAM a adopt\u00e9 une tradition r\u00e9confortante : &quot;12 jours de g\u00e9n\u00e9rosit\u00e9&quot;. Lanc\u00e9e cette ann\u00e9e le mardi de la g\u00e9n\u00e9rosit\u00e9 et se poursuivant jusqu&#039;au 14 d\u00e9cembre, notre \u00e9quipe et nos clients se lancent dans un voyage de g\u00e9n\u00e9rosit\u00e9, consacrant leurs efforts au soutien de diverses causes caritatives. Il s&#039;agit d&#039;une tradition ancestrale au cours de laquelle nos employ\u00e9s, nos enseignants et nos clients se r\u00e9unissent pour d\u00e9signer et choisir des organisations caritatives. Cette ann\u00e9e, comme par le pass\u00e9, nous avons poursuivi cette tradition, en encourageant la joie et en ayant un impact positif sur le monde. Rejoignez-nous sur ce chemin de la donation et d\u00e9couvrez les b\u00e9n\u00e9ficiaires de nos dons de cette ann\u00e9e, en mettant en avant les organisations remarquables que nous avons eu le privil\u00e8ge de soutenir.\" \/>\n<meta property=\"og:url\" content=\"http:\/\/elam.ca\/fr\/articles-de-blogue-recents\/12-jours-de-dons-2023\" \/>\n<meta property=\"og:site_name\" content=\"ELAM\" \/>\n<meta property=\"article:publisher\" content=\"https:\/\/www.facebook.com\/ELAM.qc.ca\" \/>\n<meta property=\"article:published_time\" content=\"2023-12-14T16:00:12+00:00\" \/>\n<meta property=\"article:modified_time\" content=\"2023-12-14T16:00:14+00:00\" \/>\n<meta property=\"og:image\" content=\"http:\/\/elam.ca\/wp-content\/uploads\/2023\/12\/IMG_9100-1-scaled-e1721903230472.jpg\" \/>\n\t<meta property=\"og:image:width\" content=\"1796\" \/>\n\t<meta property=\"og:image:height\" content=\"2560\" \/>\n\t<meta property=\"og:image:type\" content=\"image\/jpeg\" \/>\n<meta name=\"author\" content=\"elam\" \/>\n<meta name=\"twitter:card\" content=\"summary_large_image\" \/>\n<meta name=\"twitter:title\" content=\"Micro-apprentissage : D\u00e9composer l&#039;information en portions plus petites pour la retrouver plus facilement\u00a0\u00a0\" \/>\n<meta name=\"twitter:description\" content=\"Dans un monde o\u00f9 tout va tr\u00e8s vite, de nombreux apprenants ne peuvent pas consacrer le temps n\u00e9cessaire au processus d&#039;apprentissage traditionnel, qui n\u00e9cessite de longues heures pour acqu\u00e9rir de nouvelles connaissances ou comp\u00e9tences. Ils ont plut\u00f4t besoin de le\u00e7ons rapides et pratiques qu&#039;ils peuvent suivre pendant leur pause d\u00e9jeuner, en faisant leur jogging ou en se rendant sur leur lieu de travail.\" \/>\n<meta name=\"twitter:creator\" content=\"@ELAMca\" \/>\n<meta name=\"twitter:site\" content=\"@ELAMca\" \/>\n<meta name=\"twitter:label1\" content=\"Written by\" \/>\n\t<meta name=\"twitter:data1\" content=\"elam\" \/>\n\t<meta name=\"twitter:label2\" content=\"Est. reading time\" \/>\n\t<meta name=\"twitter:data2\" content=\"6 minutes\" \/>\n<script type=\"application\/ld+json\" class=\"yoast-schema-graph\">{\"@context\":\"https:\/\/schema.org\",\"@graph\":[{\"@type\":\"Article\",\"@id\":\"http:\/\/elam.ca\/fr\/articles-de-blogue-recents\/12-jours-de-dons-2023#article\",\"isPartOf\":{\"@id\":\"http:\/\/elam.ca\/fr\/articles-de-blogue-recents\/12-jours-de-dons-2023\"},\"author\":{\"name\":\"elam\",\"@id\":\"https:\/\/elam.ca\/fr\/#\/schema\/person\/c04840fe3258fc537d2f43fb50454710\"},\"headline\":\"12 jours de dons 2023\",\"datePublished\":\"2023-12-14T16:00:12+00:00\",\"dateModified\":\"2023-12-14T16:00:14+00:00\",\"mainEntityOfPage\":{\"@id\":\"http:\/\/elam.ca\/fr\/articles-de-blogue-recents\/12-jours-de-dons-2023\"},\"wordCount\":730,\"publisher\":{\"@id\":\"https:\/\/elam.ca\/fr\/#organization\"},\"image\":{\"@id\":\"http:\/\/elam.ca\/fr\/articles-de-blogue-recents\/12-jours-de-dons-2023#primaryimage\"},\"thumbnailUrl\":\"https:\/\/elam.ca\/wp-content\/uploads\/2023\/12\/IMG_9100-1-scaled-e1721903230472.jpg\",\"keywords\":[\"Apprendre les langues en ligne\",\"Apprendre une langue en ligne\",\"Apprenrde des langues\",\"Apprentissage et d\u00e9veloppement\"],\"articleSection\":[\"Article r\u00e9cent\",\"Articles de blogue r\u00e9cents\",\"Cours de langues\",\"Ressources pour les R.H\",\"Technologie d'\u00e9ducation\"],\"inLanguage\":\"fr-FR\"},{\"@type\":\"WebPage\",\"@id\":\"http:\/\/elam.ca\/fr\/articles-de-blogue-recents\/12-jours-de-dons-2023\",\"url\":\"http:\/\/elam.ca\/fr\/articles-de-blogue-recents\/12-jours-de-dons-2023\",\"name\":\"12 jours de dons 2023 - ELAM\",\"isPartOf\":{\"@id\":\"https:\/\/elam.ca\/fr\/#website\"},\"primaryImageOfPage\":{\"@id\":\"http:\/\/elam.ca\/fr\/articles-de-blogue-recents\/12-jours-de-dons-2023#primaryimage\"},\"image\":{\"@id\":\"http:\/\/elam.ca\/fr\/articles-de-blogue-recents\/12-jours-de-dons-2023#primaryimage\"},\"thumbnailUrl\":\"https:\/\/elam.ca\/wp-content\/uploads\/2023\/12\/IMG_9100-1-scaled-e1721903230472.jpg\",\"datePublished\":\"2023-12-14T16:00:12+00:00\",\"dateModified\":\"2023-12-14T16:00:14+00:00\",\"description\":\"Au cours des quatre derni\u00e8res ann\u00e9es, ELAM a adopt\u00e9 une tradition r\u00e9confortante : \\\"12 jours de g\u00e9n\u00e9rosit\u00e9\\\". Lanc\u00e9e cette ann\u00e9e le mardi de la g\u00e9n\u00e9rosit\u00e9 et se poursuivant jusqu'au 14 d\u00e9cembre, notre \u00e9quipe et nos clients se lancent dans un voyage de g\u00e9n\u00e9rosit\u00e9, consacrant leurs efforts au soutien de diverses causes caritatives. Il s'agit d'une tradition ancestrale au cours de laquelle nos employ\u00e9s, nos enseignants et nos clients se r\u00e9unissent pour d\u00e9signer et choisir des organisations caritatives. Cette ann\u00e9e, comme par le pass\u00e9, nous avons poursuivi cette tradition, en encourageant la joie et en ayant un impact positif sur le monde. Rejoignez-nous sur ce chemin de la donation et d\u00e9couvrez les b\u00e9n\u00e9ficiaires de nos dons de cette ann\u00e9e, en mettant en avant les organisations remarquables que nous avons eu le privil\u00e8ge de soutenir.\",\"breadcrumb\":{\"@id\":\"http:\/\/elam.ca\/fr\/articles-de-blogue-recents\/12-jours-de-dons-2023#breadcrumb\"},\"inLanguage\":\"fr-FR\",\"potentialAction\":[{\"@type\":\"ReadAction\",\"target\":[\"http:\/\/elam.ca\/fr\/articles-de-blogue-recents\/12-jours-de-dons-2023\"]}]},{\"@type\":\"ImageObject\",\"inLanguage\":\"fr-FR\",\"@id\":\"http:\/\/elam.ca\/fr\/articles-de-blogue-recents\/12-jours-de-dons-2023#primaryimage\",\"url\":\"https:\/\/elam.ca\/wp-content\/uploads\/2023\/12\/IMG_9100-1-scaled-e1721903230472.jpg\",\"contentUrl\":\"https:\/\/elam.ca\/wp-content\/uploads\/2023\/12\/IMG_9100-1-scaled-e1721903230472.jpg\",\"width\":1796,\"height\":2560},{\"@type\":\"BreadcrumbList\",\"@id\":\"http:\/\/elam.ca\/fr\/articles-de-blogue-recents\/12-jours-de-dons-2023#breadcrumb\",\"itemListElement\":[{\"@type\":\"ListItem\",\"position\":1,\"name\":\"Home\",\"item\":\"https:\/\/elam.ca\/en\"},{\"@type\":\"ListItem\",\"position\":2,\"name\":\"12 jours de dons 2023\"}]},{\"@type\":\"WebSite\",\"@id\":\"https:\/\/elam.ca\/fr\/#website\",\"url\":\"https:\/\/elam.ca\/fr\/\",\"name\":\"Elam\",\"description\":\"ELAM Site\",\"publisher\":{\"@id\":\"https:\/\/elam.ca\/fr\/#organization\"},\"potentialAction\":[{\"@type\":\"SearchAction\",\"target\":{\"@type\":\"EntryPoint\",\"urlTemplate\":\"https:\/\/elam.ca\/fr\/?s={search_term_string}\"},\"query-input\":{\"@type\":\"PropertyValueSpecification\",\"valueRequired\":true,\"valueName\":\"search_term_string\"}}],\"inLanguage\":\"fr-FR\"},{\"@type\":\"Organization\",\"@id\":\"https:\/\/elam.ca\/fr\/#organization\",\"name\":\"Elam\",\"url\":\"https:\/\/elam.ca\/fr\/\",\"logo\":{\"@type\":\"ImageObject\",\"inLanguage\":\"fr-FR\",\"@id\":\"https:\/\/elam.ca\/fr\/#\/schema\/logo\/image\/\",\"url\":\"https:\/\/live-elam-site.pantheonsite.io\/wp-content\/uploads\/2021\/06\/elam-og-image.png\",\"contentUrl\":\"https:\/\/live-elam-site.pantheonsite.io\/wp-content\/uploads\/2021\/06\/elam-og-image.png\",\"width\":1200,\"height\":628,\"caption\":\"Elam\"},\"image\":{\"@id\":\"https:\/\/elam.ca\/fr\/#\/schema\/logo\/image\/\"},\"sameAs\":[\"https:\/\/www.facebook.com\/ELAM.qc.ca\",\"https:\/\/x.com\/ELAMca\",\"https:\/\/www.instagram.com\/elaminstagram\/\"]},{\"@type\":\"Person\",\"@id\":\"https:\/\/elam.ca\/fr\/#\/schema\/person\/c04840fe3258fc537d2f43fb50454710\",\"name\":\"elam\",\"image\":{\"@type\":\"ImageObject\",\"inLanguage\":\"fr-FR\",\"@id\":\"https:\/\/elam.ca\/fr\/#\/schema\/person\/image\/\",\"url\":\"https:\/\/secure.gravatar.com\/avatar\/afbac6ee0f65ff6e42aa57ab8530cf6d9a359ec315e31450bfec8a34971a2934?s=96&d=mm&r=g\",\"contentUrl\":\"https:\/\/secure.gravatar.com\/avatar\/afbac6ee0f65ff6e42aa57ab8530cf6d9a359ec315e31450bfec8a34971a2934?s=96&d=mm&r=g\",\"caption\":\"elam\"},\"sameAs\":[\"http:\/\/elam.wpengine.com\"],\"url\":\"https:\/\/elam.ca\/fr\/author\/elam\"}]}<\/script>\n<!-- \/ Yoast SEO Premium plugin. -->","yoast_head_json":{"title":"12 jours de dons 2023 - ELAM","description":"Au cours des quatre derni\u00e8res ann\u00e9es, ELAM a adopt\u00e9 une tradition r\u00e9confortante : \"12 jours de g\u00e9n\u00e9rosit\u00e9\". Lanc\u00e9e cette ann\u00e9e le mardi de la g\u00e9n\u00e9rosit\u00e9 et se poursuivant jusqu'au 14 d\u00e9cembre, notre \u00e9quipe et nos clients se lancent dans un voyage de g\u00e9n\u00e9rosit\u00e9, consacrant leurs efforts au soutien de diverses causes caritatives. Il s'agit d'une tradition ancestrale au cours de laquelle nos employ\u00e9s, nos enseignants et nos clients se r\u00e9unissent pour d\u00e9signer et choisir des organisations caritatives. Cette ann\u00e9e, comme par le pass\u00e9, nous avons poursuivi cette tradition, en encourageant la joie et en ayant un impact positif sur le monde. Rejoignez-nous sur ce chemin de la donation et d\u00e9couvrez les b\u00e9n\u00e9ficiaires de nos dons de cette ann\u00e9e, en mettant en avant les organisations remarquables que nous avons eu le privil\u00e8ge de soutenir.","robots":{"index":"index","follow":"follow","max-snippet":"max-snippet:-1","max-image-preview":"max-image-preview:large","max-video-preview":"max-video-preview:-1"},"canonical":"http:\/\/elam.ca\/fr\/articles-de-blogue-recents\/12-jours-de-dons-2023","og_locale":"fr_FR","og_type":"article","og_title":"12 jours de dons 2023","og_description":"Au cours des quatre derni\u00e8res ann\u00e9es, ELAM a adopt\u00e9 une tradition r\u00e9confortante : \"12 jours de g\u00e9n\u00e9rosit\u00e9\". Lanc\u00e9e cette ann\u00e9e le mardi de la g\u00e9n\u00e9rosit\u00e9 et se poursuivant jusqu'au 14 d\u00e9cembre, notre \u00e9quipe et nos clients se lancent dans un voyage de g\u00e9n\u00e9rosit\u00e9, consacrant leurs efforts au soutien de diverses causes caritatives. Il s'agit d'une tradition ancestrale au cours de laquelle nos employ\u00e9s, nos enseignants et nos clients se r\u00e9unissent pour d\u00e9signer et choisir des organisations caritatives. Cette ann\u00e9e, comme par le pass\u00e9, nous avons poursuivi cette tradition, en encourageant la joie et en ayant un impact positif sur le monde. Rejoignez-nous sur ce chemin de la donation et d\u00e9couvrez les b\u00e9n\u00e9ficiaires de nos dons de cette ann\u00e9e, en mettant en avant les organisations remarquables que nous avons eu le privil\u00e8ge de soutenir.","og_url":"http:\/\/elam.ca\/fr\/articles-de-blogue-recents\/12-jours-de-dons-2023","og_site_name":"ELAM","article_publisher":"https:\/\/www.facebook.com\/ELAM.qc.ca","article_published_time":"2023-12-14T16:00:12+00:00","article_modified_time":"2023-12-14T16:00:14+00:00","og_image":[{"width":1796,"height":2560,"url":"http:\/\/elam.ca\/wp-content\/uploads\/2023\/12\/IMG_9100-1-scaled-e1721903230472.jpg","type":"image\/jpeg"}],"author":"elam","twitter_card":"summary_large_image","twitter_title":"Micro-apprentissage : D\u00e9composer l'information en portions plus petites pour la retrouver plus facilement\u00a0\u00a0","twitter_description":"Dans un monde o\u00f9 tout va tr\u00e8s vite, de nombreux apprenants ne peuvent pas consacrer le temps n\u00e9cessaire au processus d'apprentissage traditionnel, qui n\u00e9cessite de longues heures pour acqu\u00e9rir de nouvelles connaissances ou comp\u00e9tences. Ils ont plut\u00f4t besoin de le\u00e7ons rapides et pratiques qu'ils peuvent suivre pendant leur pause d\u00e9jeuner, en faisant leur jogging ou en se rendant sur leur lieu de travail.","twitter_creator":"@ELAMca","twitter_site":"@ELAMca","twitter_misc":{"Written by":"elam","Est. reading time":"6 minutes"},"schema":{"@context":"https:\/\/schema.org","@graph":[{"@type":"Article","@id":"http:\/\/elam.ca\/fr\/articles-de-blogue-recents\/12-jours-de-dons-2023#article","isPartOf":{"@id":"http:\/\/elam.ca\/fr\/articles-de-blogue-recents\/12-jours-de-dons-2023"},"author":{"name":"elam","@id":"https:\/\/elam.ca\/fr\/#\/schema\/person\/c04840fe3258fc537d2f43fb50454710"},"headline":"12 jours de dons 2023","datePublished":"2023-12-14T16:00:12+00:00","dateModified":"2023-12-14T16:00:14+00:00","mainEntityOfPage":{"@id":"http:\/\/elam.ca\/fr\/articles-de-blogue-recents\/12-jours-de-dons-2023"},"wordCount":730,"publisher":{"@id":"https:\/\/elam.ca\/fr\/#organization"},"image":{"@id":"http:\/\/elam.ca\/fr\/articles-de-blogue-recents\/12-jours-de-dons-2023#primaryimage"},"thumbnailUrl":"https:\/\/elam.ca\/wp-content\/uploads\/2023\/12\/IMG_9100-1-scaled-e1721903230472.jpg","keywords":["Apprendre les langues en ligne","Apprendre une langue en ligne","Apprenrde des langues","Apprentissage et d\u00e9veloppement"],"articleSection":["Article r\u00e9cent","Articles de blogue r\u00e9cents","Cours de langues","Ressources pour les R.H","Technologie d'\u00e9ducation"],"inLanguage":"fr-FR"},{"@type":"WebPage","@id":"http:\/\/elam.ca\/fr\/articles-de-blogue-recents\/12-jours-de-dons-2023","url":"http:\/\/elam.ca\/fr\/articles-de-blogue-recents\/12-jours-de-dons-2023","name":"12 jours de dons 2023 - ELAM","isPartOf":{"@id":"https:\/\/elam.ca\/fr\/#website"},"primaryImageOfPage":{"@id":"http:\/\/elam.ca\/fr\/articles-de-blogue-recents\/12-jours-de-dons-2023#primaryimage"},"image":{"@id":"http:\/\/elam.ca\/fr\/articles-de-blogue-recents\/12-jours-de-dons-2023#primaryimage"},"thumbnailUrl":"https:\/\/elam.ca\/wp-content\/uploads\/2023\/12\/IMG_9100-1-scaled-e1721903230472.jpg","datePublished":"2023-12-14T16:00:12+00:00","dateModified":"2023-12-14T16:00:14+00:00","description":"Au cours des quatre derni\u00e8res ann\u00e9es, ELAM a adopt\u00e9 une tradition r\u00e9confortante : \"12 jours de g\u00e9n\u00e9rosit\u00e9\". Lanc\u00e9e cette ann\u00e9e le mardi de la g\u00e9n\u00e9rosit\u00e9 et se poursuivant jusqu'au 14 d\u00e9cembre, notre \u00e9quipe et nos clients se lancent dans un voyage de g\u00e9n\u00e9rosit\u00e9, consacrant leurs efforts au soutien de diverses causes caritatives. Il s'agit d'une tradition ancestrale au cours de laquelle nos employ\u00e9s, nos enseignants et nos clients se r\u00e9unissent pour d\u00e9signer et choisir des organisations caritatives. Cette ann\u00e9e, comme par le pass\u00e9, nous avons poursuivi cette tradition, en encourageant la joie et en ayant un impact positif sur le monde. Rejoignez-nous sur ce chemin de la donation et d\u00e9couvrez les b\u00e9n\u00e9ficiaires de nos dons de cette ann\u00e9e, en mettant en avant les organisations remarquables que nous avons eu le privil\u00e8ge de soutenir.","breadcrumb":{"@id":"http:\/\/elam.ca\/fr\/articles-de-blogue-recents\/12-jours-de-dons-2023#breadcrumb"},"inLanguage":"fr-FR","potentialAction":[{"@type":"ReadAction","target":["http:\/\/elam.ca\/fr\/articles-de-blogue-recents\/12-jours-de-dons-2023"]}]},{"@type":"ImageObject","inLanguage":"fr-FR","@id":"http:\/\/elam.ca\/fr\/articles-de-blogue-recents\/12-jours-de-dons-2023#primaryimage","url":"https:\/\/elam.ca\/wp-content\/uploads\/2023\/12\/IMG_9100-1-scaled-e1721903230472.jpg","contentUrl":"https:\/\/elam.ca\/wp-content\/uploads\/2023\/12\/IMG_9100-1-scaled-e1721903230472.jpg","width":1796,"height":2560},{"@type":"BreadcrumbList","@id":"http:\/\/elam.ca\/fr\/articles-de-blogue-recents\/12-jours-de-dons-2023#breadcrumb","itemListElement":[{"@type":"ListItem","position":1,"name":"Home","item":"https:\/\/elam.ca\/en"},{"@type":"ListItem","position":2,"name":"12 jours de dons 2023"}]},{"@type":"WebSite","@id":"https:\/\/elam.ca\/fr\/#website","url":"https:\/\/elam.ca\/fr\/","name":"Elam","description":"ELAM Site","publisher":{"@id":"https:\/\/elam.ca\/fr\/#organization"},"potentialAction":[{"@type":"SearchAction","target":{"@type":"EntryPoint","urlTemplate":"https:\/\/elam.ca\/fr\/?s={search_term_string}"},"query-input":{"@type":"PropertyValueSpecification","valueRequired":true,"valueName":"search_term_string"}}],"inLanguage":"fr-FR"},{"@type":"Organization","@id":"https:\/\/elam.ca\/fr\/#organization","name":"Elam","url":"https:\/\/elam.ca\/fr\/","logo":{"@type":"ImageObject","inLanguage":"fr-FR","@id":"https:\/\/elam.ca\/fr\/#\/schema\/logo\/image\/","url":"https:\/\/live-elam-site.pantheonsite.io\/wp-content\/uploads\/2021\/06\/elam-og-image.png","contentUrl":"https:\/\/live-elam-site.pantheonsite.io\/wp-content\/uploads\/2021\/06\/elam-og-image.png","width":1200,"height":628,"caption":"Elam"},"image":{"@id":"https:\/\/elam.ca\/fr\/#\/schema\/logo\/image\/"},"sameAs":["https:\/\/www.facebook.com\/ELAM.qc.ca","https:\/\/x.com\/ELAMca","https:\/\/www.instagram.com\/elaminstagram\/"]},{"@type":"Person","@id":"https:\/\/elam.ca\/fr\/#\/schema\/person\/c04840fe3258fc537d2f43fb50454710","name":"elam","image":{"@type":"ImageObject","inLanguage":"fr-FR","@id":"https:\/\/elam.ca\/fr\/#\/schema\/person\/image\/","url":"https:\/\/secure.gravatar.com\/avatar\/afbac6ee0f65ff6e42aa57ab8530cf6d9a359ec315e31450bfec8a34971a2934?s=96&d=mm&r=g","contentUrl":"https:\/\/secure.gravatar.com\/avatar\/afbac6ee0f65ff6e42aa57ab8530cf6d9a359ec315e31450bfec8a34971a2934?s=96&d=mm&r=g","caption":"elam"},"sameAs":["http:\/\/elam.wpengine.com"],"url":"https:\/\/elam.ca\/fr\/author\/elam"}]}},"menu_order":0,"_links":{"self":[{"href":"https:\/\/elam.ca\/fr\/wp-json\/wp\/v2\/posts\/28995","targetHints":{"allow":["GET"]}}],"collection":[{"href":"https:\/\/elam.ca\/fr\/wp-json\/wp\/v2\/posts"}],"about":[{"href":"https:\/\/elam.ca\/fr\/wp-json\/wp\/v2\/types\/post"}],"author":[{"embeddable":true,"href":"https:\/\/elam.ca\/fr\/wp-json\/wp\/v2\/users\/1"}],"replies":[{"embeddable":true,"href":"https:\/\/elam.ca\/fr\/wp-json\/wp\/v2\/comments?post=28995"}],"version-history":[{"count":0,"href":"https:\/\/elam.ca\/fr\/wp-json\/wp\/v2\/posts\/28995\/revisions"}],"wp:featuredmedia":[{"embeddable":true,"href":"https:\/\/elam.ca\/fr\/wp-json\/wp\/v2\/media\/28994"}],"wp:attachment":[{"href":"https:\/\/elam.ca\/fr\/wp-json\/wp\/v2\/media?parent=28995"}],"wp:term":[{"taxonomy":"category","embeddable":true,"href":"https:\/\/elam.ca\/fr\/wp-json\/wp\/v2\/categories?post=28995"},{"taxonomy":"post_tag","embeddable":true,"href":"https:\/\/elam.ca\/fr\/wp-json\/wp\/v2\/tags?post=28995"}],"curies":[{"name":"wp","href":"https:\/\/api.w.org\/{rel}","templated":true}]}}