{"id":28444,"date":"2023-01-05T16:06:12","date_gmt":"2023-01-05T16:06:12","guid":{"rendered":"https:\/\/live-elam-site.pantheonsite.io\/?p=28444"},"modified":"2023-01-05T16:26:01","modified_gmt":"2023-01-05T16:26:01","slug":"a-quoi-faut-il-sattendre-en-2023-pour-lapprentissage-des-langues","status":"publish","type":"post","link":"https:\/\/elam.ca\/fr\/articles-de-blogue-recents\/a-quoi-faut-il-sattendre-en-2023-pour-lapprentissage-des-langues","title":{"rendered":"\u00c0 quoi faut-il s&#8217;attendre en 2023 pour l&#8217;apprentissage des langues ?"},"content":{"rendered":"\t\t<div data-elementor-type=\"wp-post\" data-elementor-id=\"28444\" class=\"elementor elementor-28444\" data-elementor-post-type=\"post\">\n\t\t\t\t\t\t<section class=\"elementor-section elementor-top-section elementor-element elementor-element-33bbeec0 elementor-section-boxed elementor-section-height-default elementor-section-height-default\" data-id=\"33bbeec0\" data-element_type=\"section\">\r\n\t\t\t\t\t\t<div class=\"elementor-container elementor-column-gap-thegem\"><div class=\"elementor-row\">\r\n\t\t\t\t\t<div class=\"elementor-column elementor-col-100 elementor-top-column elementor-element elementor-element-28fdc6e\" data-id=\"28fdc6e\" data-element_type=\"column\">\n\t\t\t<div class=\"elementor-widget-wrap elementor-element-populated\">\n\t\t\t\t\t\t<div class=\"elementor-element elementor-element-72d5a2a5 flex-horizontal-align-default flex-horizontal-align-tablet-default flex-horizontal-align-mobile-default flex-vertical-align-default flex-vertical-align-tablet-default flex-vertical-align-mobile-default elementor-widget elementor-widget-text-editor\" data-id=\"72d5a2a5\" data-element_type=\"widget\" data-widget_type=\"text-editor.default\">\n\t\t\t\t<div class=\"elementor-widget-container\">\n\t\t\t\t\t\t\t\t\t\t\t\t<div class=\"elementor-text-editor elementor-clearfix\">\r\n\t\t\t\t\t\t<p>Avec les progr\u00e8s rapides de la technologie, les tendances en mati\u00e8re d&#8217;apprentissage des langues sont en constante \u00e9volution. \u00c0 l&#8217;horizon 2023, il y a quelques tendances cl\u00e9s \u00e0 garder \u00e0 l&#8217;esprit en mati\u00e8re d&#8217;apprentissage des langues. Que vous soyez un responsable de la formation ou un propri\u00e9taire d&#8217;entreprise cherchant \u00e0 am\u00e9liorer les comp\u00e9tences de sa main-d&#8217;\u0153uvre, une \u00e9quipe de ressources humaines ou d&#8217;acquisition de talents ayant besoin de recruter le personnel ad\u00e9quat, ou un particulier souhaitant am\u00e9liorer ses propres comp\u00e9tences linguistiques, cet article de blogue vous donnera un aper\u00e7u de ce \u00e0 quoi ressemble l&#8217;apprentissage des langues aujourd&#8217;hui et de ce \u00e0 quoi nous pouvons nous attendre au cours des prochaines ann\u00e9es.<\/p><p><strong><span style=\"color: #3366ff;\"><img class=\"alignleft size-medium wp-image-28439\" src=\"https:\/\/dev-elam-site.pantheonsite.io\/wp-content\/uploads\/2023\/01\/AdobeStock_406872897-300x200.jpeg\" alt=\"distant work man business freelancer home caucasian laptop group people coworkers online\" width=\"300\" height=\"200\" srcset=\"https:\/\/elam.ca\/wp-content\/uploads\/2023\/01\/AdobeStock_406872897-300x200.jpeg 300w, https:\/\/elam.ca\/wp-content\/uploads\/2023\/01\/AdobeStock_406872897-1024x681.jpeg 1024w, https:\/\/elam.ca\/wp-content\/uploads\/2023\/01\/AdobeStock_406872897-768x511.jpeg 768w, https:\/\/elam.ca\/wp-content\/uploads\/2023\/01\/AdobeStock_406872897-1536x1022.jpeg 1536w, https:\/\/elam.ca\/wp-content\/uploads\/2023\/01\/AdobeStock_406872897-2048x1363.jpeg 2048w\" sizes=\"(max-width: 300px) 100vw, 300px\" \/>Les plates-formes et les applications d&#8217;apprentissage en ligne vont continuer \u00e0 gagner en popularit\u00e9<\/span><\/strong><\/p><p>Les plateformes d&#8217;apprentissage en ligne sont devenues extr\u00eamement populaires ces derni\u00e8res ann\u00e9es et devraient continuer \u00e0 gagner en popularit\u00e9 tout au long de 2023. Non seulement elles offrent un acc\u00e8s pratique au mat\u00e9riel p\u00e9dagogique, mais elles permettent \u00e9galement aux utilisateurs d&#8217;apprendre \u00e0 leur propre rythme. En outre, nombre de ces plateformes sont dot\u00e9es de fonctionnalit\u00e9s telles que des syst\u00e8mes de notation automatis\u00e9s et des capacit\u00e9s de suivi des progr\u00e8s qui les rendent encore plus attrayantes pour les apprenants.<\/p><p><strong><span style=\"color: #3366ff;\">Les tuteurs assist\u00e9s par l&#8217;IA seront de plus en plus utilis\u00e9s<\/span><\/strong><\/p><p>Une autre tendance qui devrait se g\u00e9n\u00e9raliser est l&#8217;utilisation de <span style=\"text-decoration: underline;\"><strong><a href=\"https:\/\/the-decoder.com\/ai-boosts-education-ai-tutor-guides-more-people-to-complete-courses\/#:~:text=The%20AI%20tutor%20learns%20in,%2C%20and%20project%2Dbased%20learning.\">tuteurs aliment\u00e9s par l&#8217;IA<\/a> <\/strong><\/span>pour l&#8217;enseignement des langues. Ces programmes utilisent des algorithmes de traitement du langage naturel et d&#8217;apprentissage automatique pour offrir une assistance personnalis\u00e9e en fonction des besoins de chaque \u00e9l\u00e8ve. Ce type de technologie peut \u00eatre particuli\u00e8rement utile pour ceux qui essaient d&#8217;apprendre une nouvelle langue ou de rafra\u00eechir leurs connaissances existantes. En fournissant des commentaires et des conseils personnalis\u00e9s, les tuteurs aliment\u00e9s par l&#8217;IA peuvent aider les apprenants \u00e0 affiner leurs comp\u00e9tences rapidement et efficacement.<\/p><p><span style=\"color: #3366ff;\"><strong><img class=\"alignleft size-medium wp-image-28441\" src=\"https:\/\/dev-elam-site.pantheonsite.io\/wp-content\/uploads\/2023\/01\/AdobeStock_331002559-300x200.jpeg\" alt=\"Forscher trainieren mit der VR Brille in 3D Realit\u00e4t\" width=\"300\" height=\"200\" srcset=\"https:\/\/elam.ca\/wp-content\/uploads\/2023\/01\/AdobeStock_331002559-300x200.jpeg 300w, https:\/\/elam.ca\/wp-content\/uploads\/2023\/01\/AdobeStock_331002559-1024x683.jpeg 1024w, https:\/\/elam.ca\/wp-content\/uploads\/2023\/01\/AdobeStock_331002559-768x512.jpeg 768w, https:\/\/elam.ca\/wp-content\/uploads\/2023\/01\/AdobeStock_331002559-1536x1024.jpeg 1536w, https:\/\/elam.ca\/wp-content\/uploads\/2023\/01\/AdobeStock_331002559-2048x1365.jpeg 2048w\" sizes=\"(max-width: 300px) 100vw, 300px\" \/>La r\u00e9alit\u00e9 virtuelle (RV) jouera un r\u00f4le plus important dans l&#8217;apprentissage des langues<\/strong><\/span><\/p><p>Outre les plateformes en ligne et les tuteurs assist\u00e9s par l&#8217;IA, <span style=\"text-decoration: underline;\"><strong><a href=\"https:\/\/en.wikipedia.org\/wiki\/Virtual_reality\">la r\u00e9alit\u00e9 virtuelle (RV)<\/a><\/strong><\/span> devrait \u00e9galement jouer un r\u00f4le plus important dans l&#8217;apprentissage des langues au cours des prochaines ann\u00e9es. La technologie RV permet aux utilisateurs de s&#8217;immerger dans des environnements virtuels r\u00e9alistes o\u00f9 ils peuvent pratiquer l&#8217;expression orale, la compr\u00e9hension de l&#8217;oral, l&#8217;\u00e9criture, la compr\u00e9hension de l&#8217;\u00e9crit et d&#8217;autres comp\u00e9tences n\u00e9cessaires \u00e0 la ma\u00eetrise d&#8217;une langue particuli\u00e8re. La RV offre une exp\u00e9rience unique qui ne peut \u00eatre reproduite par les moyens d&#8217;enseignement traditionnels et devrait \u00eatre plus largement adopt\u00e9e par les apprenants en langues dans les ann\u00e9es \u00e0 venir.<\/p><p>Avec l&#8217;avanc\u00e9e de la technologie au cours de la derni\u00e8re d\u00e9cennie, il est clair que les outils num\u00e9riques ont eu un impact \u00e9norme sur la fa\u00e7on dont les gens apprennent les langues aujourd&#8217;hui &#8211; et ce n&#8217;est pas pr\u00e8s de dispara\u00eetre ! Qu&#8217;il s&#8217;agisse de plateformes et d&#8217;applications d&#8217;apprentissage en ligne, de tuteurs aliment\u00e9s par l&#8217;IA ou d&#8217;exp\u00e9riences de r\u00e9alit\u00e9 virtuelle, ces tendances fa\u00e7onneront sans aucun doute la mani\u00e8re dont nous apprendrons les langues en 2023 et au-del\u00e0 ! Pour ceux qui cherchent des moyens de renforcer les comp\u00e9tences de leur personnel ou d&#8217;am\u00e9liorer leur propre niveau de ma\u00eetrise des langues, rester au courant de ces \u00e9volutions devrait s&#8217;av\u00e9rer b\u00e9n\u00e9fique \u00e0 mesure que nous avan\u00e7ons dans cette nouvelle \u00e8re d&#8217;\u00e9ducation modernis\u00e9e !<\/p>\t\t\t\t\t\t\t<\/div>\r\n\t\t\t\t\t\t\t\t\t\t<\/div>\n\t\t\t\t<\/div>\n\t\t\t\t\t<\/div>\n\t\t<\/div>\n\t\t\t\t\t<\/div><\/div>\r\n\t\t<\/section>\r\n\t\t\t\t<\/div>\n\t\t","protected":false},"excerpt":{"rendered":"<p>Avec les progr\u00e8s rapides de la technologie, les tendances en mati\u00e8re d&#8217;apprentissage des langues sont en constante \u00e9volution. \u00c0 l&#8217;horizon 2023, il y a quelques tendances cl\u00e9s \u00e0 garder \u00e0 l&#8217;esprit en mati\u00e8re d&#8217;apprentissage des langues. Que vous soyez un responsable de la formation ou un propri\u00e9taire d&#8217;entreprise cherchant \u00e0 am\u00e9liorer les comp\u00e9tences de sa main-d&#8217;\u0153uvre, une \u00e9quipe de ressources humaines ou d&#8217;acquisition de talents ayant besoin de recruter le personnel ad\u00e9quat, ou un particulier souhaitant am\u00e9liorer ses propres comp\u00e9tences linguistiques, ce billet de blog vous donnera un aper\u00e7u de ce \u00e0 quoi ressemble l&#8217;apprentissage des langues aujourd&#8217;hui et de ce \u00e0 quoi nous pouvons nous attendre au cours des prochaines ann\u00e9es.  <\/p>\n","protected":false},"author":1,"featured_media":28443,"comment_status":"closed","ping_status":"open","sticky":false,"template":"single-fullwidth.php","format":"standard","meta":{"footnotes":""},"categories":[137,116,99,122,115],"tags":[104,102,100,118],"class_list":{"0":"post-28444","1":"post","2":"type-post","3":"status-publish","4":"format-standard","5":"has-post-thumbnail","7":"category-article-recent","8":"category-articles-de-blogue-recents","9":"category-cours-langues","10":"category-evaluation-linguistique","11":"category-ressources-rh","12":"tag-apprendre-les-langues-en-ligne","13":"tag-apprendre-une-langue-en-ligne","14":"tag-apprenrde-des-langues","15":"tag-apprentissage-et-developpement"},"yoast_head":"<!-- This site is optimized with the Yoast SEO Premium plugin v22.4 (Yoast SEO v26.7) - https:\/\/yoast.com\/wordpress\/plugins\/seo\/ -->\n<title>\u00c0 quoi faut-il s&#039;attendre en 2023 pour l&#039;apprentissage des langues ? - ELAM<\/title>\n<meta name=\"description\" content=\"Avec les progr\u00e8s rapides de la technologie, les tendances en mati\u00e8re d&#039;apprentissage des langues sont en constante \u00e9volution. \u00c0 l&#039;horizon 2023, il y a quelques tendances cl\u00e9s \u00e0 garder \u00e0 l&#039;esprit en mati\u00e8re d&#039;apprentissage des langues. Que vous soyez un responsable de la formation ou un propri\u00e9taire d&#039;entreprise cherchant \u00e0 am\u00e9liorer les comp\u00e9tences de sa main-d&#039;\u0153uvre, une \u00e9quipe de ressources humaines ou d&#039;acquisition de talents ayant besoin de recruter le personnel ad\u00e9quat, ou un particulier souhaitant am\u00e9liorer ses propres comp\u00e9tences linguistiques, ce billet de blog vous donnera un aper\u00e7u de ce \u00e0 quoi ressemble l&#039;apprentissage des langues aujourd&#039;hui et de ce \u00e0 quoi nous pouvons nous attendre au cours des prochaines ann\u00e9es.\" \/>\n<meta name=\"robots\" content=\"index, follow, max-snippet:-1, max-image-preview:large, max-video-preview:-1\" \/>\n<link rel=\"canonical\" href=\"http:\/\/elam.ca\/fr\/articles-de-blogue-recents\/a-quoi-faut-il-sattendre-en-2023-pour-lapprentissage-des-langues\" \/>\n<meta property=\"og:locale\" content=\"fr_FR\" \/>\n<meta property=\"og:type\" content=\"article\" \/>\n<meta property=\"og:title\" content=\"\u00c0 quoi faut-il s&#039;attendre en 2023 pour l&#039;apprentissage des langues ?\" \/>\n<meta property=\"og:description\" content=\"Avec les progr\u00e8s rapides de la technologie, les tendances en mati\u00e8re d&#039;apprentissage des langues sont en constante \u00e9volution. \u00c0 l&#039;horizon 2023, il y a quelques tendances cl\u00e9s \u00e0 garder \u00e0 l&#039;esprit en mati\u00e8re d&#039;apprentissage des langues. Que vous soyez un responsable de la formation ou un propri\u00e9taire d&#039;entreprise cherchant \u00e0 am\u00e9liorer les comp\u00e9tences de sa main-d&#039;\u0153uvre, une \u00e9quipe de ressources humaines ou d&#039;acquisition de talents ayant besoin de recruter le personnel ad\u00e9quat, ou un particulier souhaitant am\u00e9liorer ses propres comp\u00e9tences linguistiques, ce billet de blog vous donnera un aper\u00e7u de ce \u00e0 quoi ressemble l&#039;apprentissage des langues aujourd&#039;hui et de ce \u00e0 quoi nous pouvons nous attendre au cours des prochaines ann\u00e9es.\" \/>\n<meta property=\"og:url\" content=\"http:\/\/elam.ca\/fr\/articles-de-blogue-recents\/a-quoi-faut-il-sattendre-en-2023-pour-lapprentissage-des-langues\" \/>\n<meta property=\"og:site_name\" content=\"ELAM\" \/>\n<meta property=\"article:publisher\" content=\"https:\/\/www.facebook.com\/ELAM.qc.ca\" \/>\n<meta property=\"article:published_time\" content=\"2023-01-05T16:06:12+00:00\" \/>\n<meta property=\"article:modified_time\" content=\"2023-01-05T16:26:01+00:00\" \/>\n<meta property=\"og:image\" content=\"http:\/\/elam.ca\/wp-content\/uploads\/2023\/01\/AdobeStock_546578580-1024x427.jpeg\" \/>\n\t<meta property=\"og:image:width\" content=\"1024\" \/>\n\t<meta property=\"og:image:height\" content=\"427\" \/>\n\t<meta property=\"og:image:type\" content=\"image\/jpeg\" \/>\n<meta name=\"author\" content=\"elam\" \/>\n<meta name=\"twitter:card\" content=\"summary_large_image\" \/>\n<meta name=\"twitter:title\" content=\"\u00c0 quoi faut-il s&#039;attendre en 2023 pour l&#039;apprentissage des langues ?\" \/>\n<meta name=\"twitter:description\" content=\"Avec les progr\u00e8s rapides de la technologie, les tendances en mati\u00e8re d&#039;apprentissage des langues sont en constante \u00e9volution. \u00c0 l&#039;horizon 2023, il y a quelques tendances cl\u00e9s \u00e0 garder \u00e0 l&#039;esprit en mati\u00e8re d&#039;apprentissage des langues. Que vous soyez un responsable de la formation ou un propri\u00e9taire d&#039;entreprise cherchant \u00e0 am\u00e9liorer les comp\u00e9tences de sa main-d&#039;\u0153uvre, une \u00e9quipe de ressources humaines ou d&#039;acquisition de talents ayant besoin de recruter le personnel ad\u00e9quat, ou un particulier souhaitant am\u00e9liorer ses propres comp\u00e9tences linguistiques, ce billet de blog vous donnera un aper\u00e7u de ce \u00e0 quoi ressemble l&#039;apprentissage des langues aujourd&#039;hui et de ce \u00e0 quoi nous pouvons nous attendre au cours des prochaines ann\u00e9es.\" \/>\n<meta name=\"twitter:creator\" content=\"@ELAMca\" \/>\n<meta name=\"twitter:site\" content=\"@ELAMca\" \/>\n<meta name=\"twitter:label1\" content=\"Written by\" \/>\n\t<meta name=\"twitter:data1\" content=\"elam\" \/>\n\t<meta name=\"twitter:label2\" content=\"Est. reading time\" \/>\n\t<meta name=\"twitter:data2\" content=\"4 minutes\" \/>\n<script type=\"application\/ld+json\" class=\"yoast-schema-graph\">{\"@context\":\"https:\/\/schema.org\",\"@graph\":[{\"@type\":\"Article\",\"@id\":\"http:\/\/elam.ca\/fr\/articles-de-blogue-recents\/a-quoi-faut-il-sattendre-en-2023-pour-lapprentissage-des-langues#article\",\"isPartOf\":{\"@id\":\"http:\/\/elam.ca\/fr\/articles-de-blogue-recents\/a-quoi-faut-il-sattendre-en-2023-pour-lapprentissage-des-langues\"},\"author\":{\"name\":\"elam\",\"@id\":\"https:\/\/elam.ca\/fr\/#\/schema\/person\/c04840fe3258fc537d2f43fb50454710\"},\"headline\":\"\u00c0 quoi faut-il s&#8217;attendre en 2023 pour l&#8217;apprentissage des langues ?\",\"datePublished\":\"2023-01-05T16:06:12+00:00\",\"dateModified\":\"2023-01-05T16:26:01+00:00\",\"mainEntityOfPage\":{\"@id\":\"http:\/\/elam.ca\/fr\/articles-de-blogue-recents\/a-quoi-faut-il-sattendre-en-2023-pour-lapprentissage-des-langues\"},\"wordCount\":645,\"publisher\":{\"@id\":\"https:\/\/elam.ca\/fr\/#organization\"},\"image\":{\"@id\":\"http:\/\/elam.ca\/fr\/articles-de-blogue-recents\/a-quoi-faut-il-sattendre-en-2023-pour-lapprentissage-des-langues#primaryimage\"},\"thumbnailUrl\":\"https:\/\/elam.ca\/wp-content\/uploads\/2023\/01\/AdobeStock_546578580.jpeg\",\"keywords\":[\"Apprendre les langues en ligne\",\"Apprendre une langue en ligne\",\"Apprenrde des langues\",\"Apprentissage et d\u00e9veloppement\"],\"articleSection\":[\"Article r\u00e9cent\",\"Articles de blogue r\u00e9cents\",\"Cours de langues\",\"\u00c9valuation linguistique\",\"Ressources pour les R.H\"],\"inLanguage\":\"fr-FR\"},{\"@type\":\"WebPage\",\"@id\":\"http:\/\/elam.ca\/fr\/articles-de-blogue-recents\/a-quoi-faut-il-sattendre-en-2023-pour-lapprentissage-des-langues\",\"url\":\"http:\/\/elam.ca\/fr\/articles-de-blogue-recents\/a-quoi-faut-il-sattendre-en-2023-pour-lapprentissage-des-langues\",\"name\":\"\u00c0 quoi faut-il s'attendre en 2023 pour l'apprentissage des langues ? - ELAM\",\"isPartOf\":{\"@id\":\"https:\/\/elam.ca\/fr\/#website\"},\"primaryImageOfPage\":{\"@id\":\"http:\/\/elam.ca\/fr\/articles-de-blogue-recents\/a-quoi-faut-il-sattendre-en-2023-pour-lapprentissage-des-langues#primaryimage\"},\"image\":{\"@id\":\"http:\/\/elam.ca\/fr\/articles-de-blogue-recents\/a-quoi-faut-il-sattendre-en-2023-pour-lapprentissage-des-langues#primaryimage\"},\"thumbnailUrl\":\"https:\/\/elam.ca\/wp-content\/uploads\/2023\/01\/AdobeStock_546578580.jpeg\",\"datePublished\":\"2023-01-05T16:06:12+00:00\",\"dateModified\":\"2023-01-05T16:26:01+00:00\",\"description\":\"Avec les progr\u00e8s rapides de la technologie, les tendances en mati\u00e8re d'apprentissage des langues sont en constante \u00e9volution. \u00c0 l'horizon 2023, il y a quelques tendances cl\u00e9s \u00e0 garder \u00e0 l'esprit en mati\u00e8re d'apprentissage des langues. Que vous soyez un responsable de la formation ou un propri\u00e9taire d'entreprise cherchant \u00e0 am\u00e9liorer les comp\u00e9tences de sa main-d'\u0153uvre, une \u00e9quipe de ressources humaines ou d'acquisition de talents ayant besoin de recruter le personnel ad\u00e9quat, ou un particulier souhaitant am\u00e9liorer ses propres comp\u00e9tences linguistiques, ce billet de blog vous donnera un aper\u00e7u de ce \u00e0 quoi ressemble l'apprentissage des langues aujourd'hui et de ce \u00e0 quoi nous pouvons nous attendre au cours des prochaines ann\u00e9es.\",\"breadcrumb\":{\"@id\":\"http:\/\/elam.ca\/fr\/articles-de-blogue-recents\/a-quoi-faut-il-sattendre-en-2023-pour-lapprentissage-des-langues#breadcrumb\"},\"inLanguage\":\"fr-FR\",\"potentialAction\":[{\"@type\":\"ReadAction\",\"target\":[\"http:\/\/elam.ca\/fr\/articles-de-blogue-recents\/a-quoi-faut-il-sattendre-en-2023-pour-lapprentissage-des-langues\"]}]},{\"@type\":\"ImageObject\",\"inLanguage\":\"fr-FR\",\"@id\":\"http:\/\/elam.ca\/fr\/articles-de-blogue-recents\/a-quoi-faut-il-sattendre-en-2023-pour-lapprentissage-des-langues#primaryimage\",\"url\":\"https:\/\/elam.ca\/wp-content\/uploads\/2023\/01\/AdobeStock_546578580.jpeg\",\"contentUrl\":\"https:\/\/elam.ca\/wp-content\/uploads\/2023\/01\/AdobeStock_546578580.jpeg\",\"width\":10750,\"height\":4479},{\"@type\":\"BreadcrumbList\",\"@id\":\"http:\/\/elam.ca\/fr\/articles-de-blogue-recents\/a-quoi-faut-il-sattendre-en-2023-pour-lapprentissage-des-langues#breadcrumb\",\"itemListElement\":[{\"@type\":\"ListItem\",\"position\":1,\"name\":\"Home\",\"item\":\"https:\/\/elam.ca\/en\"},{\"@type\":\"ListItem\",\"position\":2,\"name\":\"\u00c0 quoi faut-il s&#8217;attendre en 2023 pour l&#8217;apprentissage des langues ?\"}]},{\"@type\":\"WebSite\",\"@id\":\"https:\/\/elam.ca\/fr\/#website\",\"url\":\"https:\/\/elam.ca\/fr\/\",\"name\":\"Elam\",\"description\":\"ELAM Site\",\"publisher\":{\"@id\":\"https:\/\/elam.ca\/fr\/#organization\"},\"potentialAction\":[{\"@type\":\"SearchAction\",\"target\":{\"@type\":\"EntryPoint\",\"urlTemplate\":\"https:\/\/elam.ca\/fr\/?s={search_term_string}\"},\"query-input\":{\"@type\":\"PropertyValueSpecification\",\"valueRequired\":true,\"valueName\":\"search_term_string\"}}],\"inLanguage\":\"fr-FR\"},{\"@type\":\"Organization\",\"@id\":\"https:\/\/elam.ca\/fr\/#organization\",\"name\":\"Elam\",\"url\":\"https:\/\/elam.ca\/fr\/\",\"logo\":{\"@type\":\"ImageObject\",\"inLanguage\":\"fr-FR\",\"@id\":\"https:\/\/elam.ca\/fr\/#\/schema\/logo\/image\/\",\"url\":\"https:\/\/live-elam-site.pantheonsite.io\/wp-content\/uploads\/2021\/06\/elam-og-image.png\",\"contentUrl\":\"https:\/\/live-elam-site.pantheonsite.io\/wp-content\/uploads\/2021\/06\/elam-og-image.png\",\"width\":1200,\"height\":628,\"caption\":\"Elam\"},\"image\":{\"@id\":\"https:\/\/elam.ca\/fr\/#\/schema\/logo\/image\/\"},\"sameAs\":[\"https:\/\/www.facebook.com\/ELAM.qc.ca\",\"https:\/\/x.com\/ELAMca\",\"https:\/\/www.instagram.com\/elaminstagram\/\"]},{\"@type\":\"Person\",\"@id\":\"https:\/\/elam.ca\/fr\/#\/schema\/person\/c04840fe3258fc537d2f43fb50454710\",\"name\":\"elam\",\"image\":{\"@type\":\"ImageObject\",\"inLanguage\":\"fr-FR\",\"@id\":\"https:\/\/elam.ca\/fr\/#\/schema\/person\/image\/\",\"url\":\"https:\/\/secure.gravatar.com\/avatar\/afbac6ee0f65ff6e42aa57ab8530cf6d9a359ec315e31450bfec8a34971a2934?s=96&d=mm&r=g\",\"contentUrl\":\"https:\/\/secure.gravatar.com\/avatar\/afbac6ee0f65ff6e42aa57ab8530cf6d9a359ec315e31450bfec8a34971a2934?s=96&d=mm&r=g\",\"caption\":\"elam\"},\"sameAs\":[\"http:\/\/elam.wpengine.com\"],\"url\":\"https:\/\/elam.ca\/fr\/author\/elam\"}]}<\/script>\n<!-- \/ Yoast SEO Premium plugin. -->","yoast_head_json":{"title":"\u00c0 quoi faut-il s'attendre en 2023 pour l'apprentissage des langues ? - ELAM","description":"Avec les progr\u00e8s rapides de la technologie, les tendances en mati\u00e8re d'apprentissage des langues sont en constante \u00e9volution. \u00c0 l'horizon 2023, il y a quelques tendances cl\u00e9s \u00e0 garder \u00e0 l'esprit en mati\u00e8re d'apprentissage des langues. Que vous soyez un responsable de la formation ou un propri\u00e9taire d'entreprise cherchant \u00e0 am\u00e9liorer les comp\u00e9tences de sa main-d'\u0153uvre, une \u00e9quipe de ressources humaines ou d'acquisition de talents ayant besoin de recruter le personnel ad\u00e9quat, ou un particulier souhaitant am\u00e9liorer ses propres comp\u00e9tences linguistiques, ce billet de blog vous donnera un aper\u00e7u de ce \u00e0 quoi ressemble l'apprentissage des langues aujourd'hui et de ce \u00e0 quoi nous pouvons nous attendre au cours des prochaines ann\u00e9es.","robots":{"index":"index","follow":"follow","max-snippet":"max-snippet:-1","max-image-preview":"max-image-preview:large","max-video-preview":"max-video-preview:-1"},"canonical":"http:\/\/elam.ca\/fr\/articles-de-blogue-recents\/a-quoi-faut-il-sattendre-en-2023-pour-lapprentissage-des-langues","og_locale":"fr_FR","og_type":"article","og_title":"\u00c0 quoi faut-il s'attendre en 2023 pour l'apprentissage des langues ?","og_description":"Avec les progr\u00e8s rapides de la technologie, les tendances en mati\u00e8re d'apprentissage des langues sont en constante \u00e9volution. \u00c0 l'horizon 2023, il y a quelques tendances cl\u00e9s \u00e0 garder \u00e0 l'esprit en mati\u00e8re d'apprentissage des langues. Que vous soyez un responsable de la formation ou un propri\u00e9taire d'entreprise cherchant \u00e0 am\u00e9liorer les comp\u00e9tences de sa main-d'\u0153uvre, une \u00e9quipe de ressources humaines ou d'acquisition de talents ayant besoin de recruter le personnel ad\u00e9quat, ou un particulier souhaitant am\u00e9liorer ses propres comp\u00e9tences linguistiques, ce billet de blog vous donnera un aper\u00e7u de ce \u00e0 quoi ressemble l'apprentissage des langues aujourd'hui et de ce \u00e0 quoi nous pouvons nous attendre au cours des prochaines ann\u00e9es.","og_url":"http:\/\/elam.ca\/fr\/articles-de-blogue-recents\/a-quoi-faut-il-sattendre-en-2023-pour-lapprentissage-des-langues","og_site_name":"ELAM","article_publisher":"https:\/\/www.facebook.com\/ELAM.qc.ca","article_published_time":"2023-01-05T16:06:12+00:00","article_modified_time":"2023-01-05T16:26:01+00:00","og_image":[{"width":1024,"height":427,"url":"http:\/\/elam.ca\/wp-content\/uploads\/2023\/01\/AdobeStock_546578580-1024x427.jpeg","type":"image\/jpeg"}],"author":"elam","twitter_card":"summary_large_image","twitter_title":"\u00c0 quoi faut-il s'attendre en 2023 pour l'apprentissage des langues ?","twitter_description":"Avec les progr\u00e8s rapides de la technologie, les tendances en mati\u00e8re d'apprentissage des langues sont en constante \u00e9volution. \u00c0 l'horizon 2023, il y a quelques tendances cl\u00e9s \u00e0 garder \u00e0 l'esprit en mati\u00e8re d'apprentissage des langues. Que vous soyez un responsable de la formation ou un propri\u00e9taire d'entreprise cherchant \u00e0 am\u00e9liorer les comp\u00e9tences de sa main-d'\u0153uvre, une \u00e9quipe de ressources humaines ou d'acquisition de talents ayant besoin de recruter le personnel ad\u00e9quat, ou un particulier souhaitant am\u00e9liorer ses propres comp\u00e9tences linguistiques, ce billet de blog vous donnera un aper\u00e7u de ce \u00e0 quoi ressemble l'apprentissage des langues aujourd'hui et de ce \u00e0 quoi nous pouvons nous attendre au cours des prochaines ann\u00e9es.","twitter_creator":"@ELAMca","twitter_site":"@ELAMca","twitter_misc":{"Written by":"elam","Est. reading time":"4 minutes"},"schema":{"@context":"https:\/\/schema.org","@graph":[{"@type":"Article","@id":"http:\/\/elam.ca\/fr\/articles-de-blogue-recents\/a-quoi-faut-il-sattendre-en-2023-pour-lapprentissage-des-langues#article","isPartOf":{"@id":"http:\/\/elam.ca\/fr\/articles-de-blogue-recents\/a-quoi-faut-il-sattendre-en-2023-pour-lapprentissage-des-langues"},"author":{"name":"elam","@id":"https:\/\/elam.ca\/fr\/#\/schema\/person\/c04840fe3258fc537d2f43fb50454710"},"headline":"\u00c0 quoi faut-il s&#8217;attendre en 2023 pour l&#8217;apprentissage des langues ?","datePublished":"2023-01-05T16:06:12+00:00","dateModified":"2023-01-05T16:26:01+00:00","mainEntityOfPage":{"@id":"http:\/\/elam.ca\/fr\/articles-de-blogue-recents\/a-quoi-faut-il-sattendre-en-2023-pour-lapprentissage-des-langues"},"wordCount":645,"publisher":{"@id":"https:\/\/elam.ca\/fr\/#organization"},"image":{"@id":"http:\/\/elam.ca\/fr\/articles-de-blogue-recents\/a-quoi-faut-il-sattendre-en-2023-pour-lapprentissage-des-langues#primaryimage"},"thumbnailUrl":"https:\/\/elam.ca\/wp-content\/uploads\/2023\/01\/AdobeStock_546578580.jpeg","keywords":["Apprendre les langues en ligne","Apprendre une langue en ligne","Apprenrde des langues","Apprentissage et d\u00e9veloppement"],"articleSection":["Article r\u00e9cent","Articles de blogue r\u00e9cents","Cours de langues","\u00c9valuation linguistique","Ressources pour les R.H"],"inLanguage":"fr-FR"},{"@type":"WebPage","@id":"http:\/\/elam.ca\/fr\/articles-de-blogue-recents\/a-quoi-faut-il-sattendre-en-2023-pour-lapprentissage-des-langues","url":"http:\/\/elam.ca\/fr\/articles-de-blogue-recents\/a-quoi-faut-il-sattendre-en-2023-pour-lapprentissage-des-langues","name":"\u00c0 quoi faut-il s'attendre en 2023 pour l'apprentissage des langues ? - ELAM","isPartOf":{"@id":"https:\/\/elam.ca\/fr\/#website"},"primaryImageOfPage":{"@id":"http:\/\/elam.ca\/fr\/articles-de-blogue-recents\/a-quoi-faut-il-sattendre-en-2023-pour-lapprentissage-des-langues#primaryimage"},"image":{"@id":"http:\/\/elam.ca\/fr\/articles-de-blogue-recents\/a-quoi-faut-il-sattendre-en-2023-pour-lapprentissage-des-langues#primaryimage"},"thumbnailUrl":"https:\/\/elam.ca\/wp-content\/uploads\/2023\/01\/AdobeStock_546578580.jpeg","datePublished":"2023-01-05T16:06:12+00:00","dateModified":"2023-01-05T16:26:01+00:00","description":"Avec les progr\u00e8s rapides de la technologie, les tendances en mati\u00e8re d'apprentissage des langues sont en constante \u00e9volution. \u00c0 l'horizon 2023, il y a quelques tendances cl\u00e9s \u00e0 garder \u00e0 l'esprit en mati\u00e8re d'apprentissage des langues. Que vous soyez un responsable de la formation ou un propri\u00e9taire d'entreprise cherchant \u00e0 am\u00e9liorer les comp\u00e9tences de sa main-d'\u0153uvre, une \u00e9quipe de ressources humaines ou d'acquisition de talents ayant besoin de recruter le personnel ad\u00e9quat, ou un particulier souhaitant am\u00e9liorer ses propres comp\u00e9tences linguistiques, ce billet de blog vous donnera un aper\u00e7u de ce \u00e0 quoi ressemble l'apprentissage des langues aujourd'hui et de ce \u00e0 quoi nous pouvons nous attendre au cours des prochaines ann\u00e9es.","breadcrumb":{"@id":"http:\/\/elam.ca\/fr\/articles-de-blogue-recents\/a-quoi-faut-il-sattendre-en-2023-pour-lapprentissage-des-langues#breadcrumb"},"inLanguage":"fr-FR","potentialAction":[{"@type":"ReadAction","target":["http:\/\/elam.ca\/fr\/articles-de-blogue-recents\/a-quoi-faut-il-sattendre-en-2023-pour-lapprentissage-des-langues"]}]},{"@type":"ImageObject","inLanguage":"fr-FR","@id":"http:\/\/elam.ca\/fr\/articles-de-blogue-recents\/a-quoi-faut-il-sattendre-en-2023-pour-lapprentissage-des-langues#primaryimage","url":"https:\/\/elam.ca\/wp-content\/uploads\/2023\/01\/AdobeStock_546578580.jpeg","contentUrl":"https:\/\/elam.ca\/wp-content\/uploads\/2023\/01\/AdobeStock_546578580.jpeg","width":10750,"height":4479},{"@type":"BreadcrumbList","@id":"http:\/\/elam.ca\/fr\/articles-de-blogue-recents\/a-quoi-faut-il-sattendre-en-2023-pour-lapprentissage-des-langues#breadcrumb","itemListElement":[{"@type":"ListItem","position":1,"name":"Home","item":"https:\/\/elam.ca\/en"},{"@type":"ListItem","position":2,"name":"\u00c0 quoi faut-il s&#8217;attendre en 2023 pour l&#8217;apprentissage des langues ?"}]},{"@type":"WebSite","@id":"https:\/\/elam.ca\/fr\/#website","url":"https:\/\/elam.ca\/fr\/","name":"Elam","description":"ELAM Site","publisher":{"@id":"https:\/\/elam.ca\/fr\/#organization"},"potentialAction":[{"@type":"SearchAction","target":{"@type":"EntryPoint","urlTemplate":"https:\/\/elam.ca\/fr\/?s={search_term_string}"},"query-input":{"@type":"PropertyValueSpecification","valueRequired":true,"valueName":"search_term_string"}}],"inLanguage":"fr-FR"},{"@type":"Organization","@id":"https:\/\/elam.ca\/fr\/#organization","name":"Elam","url":"https:\/\/elam.ca\/fr\/","logo":{"@type":"ImageObject","inLanguage":"fr-FR","@id":"https:\/\/elam.ca\/fr\/#\/schema\/logo\/image\/","url":"https:\/\/live-elam-site.pantheonsite.io\/wp-content\/uploads\/2021\/06\/elam-og-image.png","contentUrl":"https:\/\/live-elam-site.pantheonsite.io\/wp-content\/uploads\/2021\/06\/elam-og-image.png","width":1200,"height":628,"caption":"Elam"},"image":{"@id":"https:\/\/elam.ca\/fr\/#\/schema\/logo\/image\/"},"sameAs":["https:\/\/www.facebook.com\/ELAM.qc.ca","https:\/\/x.com\/ELAMca","https:\/\/www.instagram.com\/elaminstagram\/"]},{"@type":"Person","@id":"https:\/\/elam.ca\/fr\/#\/schema\/person\/c04840fe3258fc537d2f43fb50454710","name":"elam","image":{"@type":"ImageObject","inLanguage":"fr-FR","@id":"https:\/\/elam.ca\/fr\/#\/schema\/person\/image\/","url":"https:\/\/secure.gravatar.com\/avatar\/afbac6ee0f65ff6e42aa57ab8530cf6d9a359ec315e31450bfec8a34971a2934?s=96&d=mm&r=g","contentUrl":"https:\/\/secure.gravatar.com\/avatar\/afbac6ee0f65ff6e42aa57ab8530cf6d9a359ec315e31450bfec8a34971a2934?s=96&d=mm&r=g","caption":"elam"},"sameAs":["http:\/\/elam.wpengine.com"],"url":"https:\/\/elam.ca\/fr\/author\/elam"}]}},"menu_order":0,"_links":{"self":[{"href":"https:\/\/elam.ca\/fr\/wp-json\/wp\/v2\/posts\/28444","targetHints":{"allow":["GET"]}}],"collection":[{"href":"https:\/\/elam.ca\/fr\/wp-json\/wp\/v2\/posts"}],"about":[{"href":"https:\/\/elam.ca\/fr\/wp-json\/wp\/v2\/types\/post"}],"author":[{"embeddable":true,"href":"https:\/\/elam.ca\/fr\/wp-json\/wp\/v2\/users\/1"}],"replies":[{"embeddable":true,"href":"https:\/\/elam.ca\/fr\/wp-json\/wp\/v2\/comments?post=28444"}],"version-history":[{"count":0,"href":"https:\/\/elam.ca\/fr\/wp-json\/wp\/v2\/posts\/28444\/revisions"}],"wp:featuredmedia":[{"embeddable":true,"href":"https:\/\/elam.ca\/fr\/wp-json\/wp\/v2\/media\/28443"}],"wp:attachment":[{"href":"https:\/\/elam.ca\/fr\/wp-json\/wp\/v2\/media?parent=28444"}],"wp:term":[{"taxonomy":"category","embeddable":true,"href":"https:\/\/elam.ca\/fr\/wp-json\/wp\/v2\/categories?post=28444"},{"taxonomy":"post_tag","embeddable":true,"href":"https:\/\/elam.ca\/fr\/wp-json\/wp\/v2\/tags?post=28444"}],"curies":[{"name":"wp","href":"https:\/\/api.w.org\/{rel}","templated":true}]}}