{"id":27927,"date":"2022-07-05T20:37:37","date_gmt":"2022-07-05T20:37:37","guid":{"rendered":"https:\/\/live-elam-site.pantheonsite.io\/?p=27927"},"modified":"2022-07-20T17:02:40","modified_gmt":"2022-07-20T17:02:40","slug":"apprendre-le-japonais-pour-votre-travail","status":"publish","type":"post","link":"https:\/\/elam.ca\/fr\/cours-langues\/apprendre-le-japonais-pour-votre-travail","title":{"rendered":"S\u00e9rie Langues \u00e9mergente : Apprendre le japonais pour votre travail"},"content":{"rendered":"\t\t<div data-elementor-type=\"wp-post\" data-elementor-id=\"27927\" class=\"elementor elementor-27927\" data-elementor-post-type=\"post\">\n\t\t\t\t\t\t<section class=\"elementor-section elementor-top-section elementor-element elementor-element-33bbeec0 elementor-section-boxed elementor-section-height-default elementor-section-height-default\" data-id=\"33bbeec0\" data-element_type=\"section\">\r\n\t\t\t\t\t\t<div class=\"elementor-container elementor-column-gap-thegem\"><div class=\"elementor-row\">\r\n\t\t\t\t\t<div class=\"elementor-column elementor-col-100 elementor-top-column elementor-element elementor-element-28fdc6e\" data-id=\"28fdc6e\" data-element_type=\"column\">\n\t\t\t<div class=\"elementor-widget-wrap elementor-element-populated\">\n\t\t\t\t\t\t<div class=\"elementor-element elementor-element-72d5a2a5 flex-horizontal-align-default flex-horizontal-align-tablet-default flex-horizontal-align-mobile-default flex-vertical-align-default flex-vertical-align-tablet-default flex-vertical-align-mobile-default elementor-widget elementor-widget-text-editor\" data-id=\"72d5a2a5\" data-element_type=\"widget\" data-widget_type=\"text-editor.default\">\n\t\t\t\t<div class=\"elementor-widget-container\">\n\t\t\t\t\t\t\t\t\t\t\t\t<div class=\"elementor-text-editor elementor-clearfix\">\r\n\t\t\t\t\t\t\n<p><img class=\"alignleft size-medium wp-image-27935\" src=\"https:\/\/dev-elam-site.pantheonsite.io\/wp-content\/uploads\/2022\/07\/AdobeStock_309757539-300x200.jpeg\" alt=\"\" width=\"300\" height=\"200\" srcset=\"https:\/\/elam.ca\/wp-content\/uploads\/2022\/07\/AdobeStock_309757539-300x200.jpeg 300w, https:\/\/elam.ca\/wp-content\/uploads\/2022\/07\/AdobeStock_309757539-1024x683.jpeg 1024w, https:\/\/elam.ca\/wp-content\/uploads\/2022\/07\/AdobeStock_309757539-768x512.jpeg 768w, https:\/\/elam.ca\/wp-content\/uploads\/2022\/07\/AdobeStock_309757539-1536x1024.jpeg 1536w\" sizes=\"(max-width: 300px) 100vw, 300px\" \/>Lorsque vous commencez \u00e0 \u00e9tudier le japonais, vous n\u2019avez peut-\u00eatre pas conscience de tous les avantages de vos nouvelles comp\u00e9tences linguistiques. Une fois que vous avez atteint un certain niveau de comp\u00e9tence, vous pouvez mettre en pratique vos connaissances en japonais, notamment sur le lieu de travail. Sur le plan professionnel, vous pouvez utiliser vos comp\u00e9tences linguistiques en japonais de deux mani\u00e8res : \u00e9tablir de meilleures relations avec les clients et <a href=\"https:\/\/dev-elam-site.pantheonsite.io\/hr-ressources\/language-learning-as-a-career-booster\">faire progresser votre carri\u00e8re en entreprise.<\/a><\/p>\n<p>\u00a0<\/p>\n<p>Si vous souhaitez apprendre le japonais \u00e0 des fins professionnelles, voici quelques avantages \u00e0 le faire, ainsi que quelques autres choses que vous devez savoir sur l&#8217;apprentissage de cette langue distingu\u00e9e !<\/p>\n\n<p>\u00a0<\/p>\n\n<h5 id=\"h-1-l-emploi-au-japon\" class=\"has-luminous-vivid-orange-color has-text-color\">1 &#8211; L&#8217;emploi au Japon<\/h5>\n\n<p>Malgr\u00e9 la flexibilit\u00e9 offerte par les emplois de traducteurs, tout le monde ne cherche pas \u00e0 obtenir un revenu compl\u00e9mentaire. Vous avez peut-\u00eatre d\u00e9j\u00e0 un emploi \u00e0 temps plein ou \u00eates \u00e0 la recherche d\u2019un emploi. Si tel est le cas, vous pouvez <a href=\"https:\/\/tradingeconomics.com\/japan\/employment-rate\">envisager de travailler au Japon<\/a>. Bien qu\u2019il s\u2019agisse d\u2019une d\u00e9cision importante et d\u2019un ajustement du mode de vie, c\u2019est une occasion fantastique de faire progresser votre carri\u00e8re au Japon. En outre, il est plus facile que vous ne le pensez de trouver un emploi au Japon.<\/p>\n\n<p>Robert Walters, une soci\u00e9t\u00e9 internationale de recrutement, signale que les professionnels bilingues sont en nombre insuffisant. Selon leur rapport, en 2014, il y avait 1,09 offre d&#8217;emploi pour chaque candidat. Les emplois dans les domaines des ressources humaines, de l&#8217;ing\u00e9nierie et des ventes sont tr\u00e8s demand\u00e9s pour les professionnels bilingues, donc si vous parlez japonais et avez des comp\u00e9tences techniques, vous pouvez trouver du travail au Japon.<\/p>\n\n<div class=\"wp-block-media-text alignwide is-stacked-on-mobile\" style=\"grid-template-columns: 30% auto;\">\n<figure class=\"wp-block-media-text__media\"><img width=\"1024\" height=\"683\" class=\"wp-image-27923 size-full\" src=\"https:\/\/dev-elam-site.pantheonsite.io\/wp-content\/uploads\/2022\/07\/pexels-rodnae-productions-7845466-1024x683.jpg\" alt=\"Alors que l'\u00e9conomie japonaise continue de se redresser, les salaires des professionnels bilingues ont augment\u00e9 en moyenne de 10 % par an, ce qui rend le travail au Japon \u00e9conomiquement avantageux\" srcset=\"https:\/\/elam.ca\/wp-content\/uploads\/2022\/07\/pexels-rodnae-productions-7845466-1024x683.jpg 1024w, https:\/\/elam.ca\/wp-content\/uploads\/2022\/07\/pexels-rodnae-productions-7845466-300x200.jpg 300w, https:\/\/elam.ca\/wp-content\/uploads\/2022\/07\/pexels-rodnae-productions-7845466-768x512.jpg 768w, https:\/\/elam.ca\/wp-content\/uploads\/2022\/07\/pexels-rodnae-productions-7845466-1536x1024.jpg 1536w, https:\/\/elam.ca\/wp-content\/uploads\/2022\/07\/pexels-rodnae-productions-7845466-2048x1365.jpg 2048w\" sizes=\"(max-width: 1024px) 100vw, 1024px\" \/><\/figure>\n<div class=\"wp-block-media-text__content\">\n<p class=\"has-medium-font-size\">Alors que l&#8217;\u00e9conomie japonaise continue de se redresser, les salaires des professionnels bilingues ont augment\u00e9 en moyenne de 10 % par an, ce qui rend le travail au Japon \u00e9conomiquement avantageux.<\/p>\n<\/div>\n<\/div>\n\n<p>\u00a0<\/p>\n\n<h5 class=\"has-luminous-vivid-orange-color has-text-color\">2- Effectuer les connexions<\/h5>\n\n<p>Si l\u2019apprentissage du japonais peut accro\u00eetre <a href=\"https:\/\/www.linkedin.com\/pulse\/why-do-japanese-managers-change-roles-every-3-years-how-otsuka\/?trk=articles_directory\">vos opportunit\u00e9s professionnelles<\/a>, le v\u00e9ritable objectif de la langue est la communication. Il est essentiel d\u2019\u00e9tablir des relations solides avec vos clients lorsque vous apprenez le japonais. Jerry Weintraub, un directeur artistique et producteur de films l\u00e9gendaire, affirme que vos relations avec les autres d\u00e9terminent en grande partie votre vie. Gr\u00e2ce \u00e0 ses comp\u00e9tences en mati\u00e8re de r\u00e9seautage, il a pu r\u00e9server des concerts pour Elvis Presley et Frank Sinatra dans leurs meilleures ann\u00e9es. M\u00eame si la plupart d&#8217;entre nous n&#8217;ont pas les comp\u00e9tences interpersonnelles et de n\u00e9gociation de M. Weintraub, le fait de conna\u00eetre le japonais peut vous aider \u00e0 entrer en contact avec de nouvelles personnes. Cela peut d\u00e9boucher sur un nouvel emploi, une occasion d\u2019affaires ou m\u00eame une merveilleuse amiti\u00e9 !<\/p>\n\n<p>\u00a0<\/p>\n\n<h5 class=\"has-luminous-vivid-orange-color has-text-color\">3- Relevez le d\u00e9fi<\/h5>\n\n<p>Apprendre le japonais est un d\u00e9fi. L\u2019acquisition de <a href=\"https:\/\/www.livescience.com\/32644-what-is-the-hardest-language-to-learn.html\">cette langue complexe<\/a> est l\u2019une des meilleures fa\u00e7ons de se mettre au d\u00e9fi. Se remettre en question dans un domaine (m\u00eame s\u2019il n\u2019est pas li\u00e9 \u00e0 votre travail ou \u00e0 d\u2019autres aspects de votre vie personnelle) am\u00e9liorera votre t\u00e9nacit\u00e9, votre confiance en vous et vos comp\u00e9tences dans d\u2019autres domaines.<\/p>\n\n<p>\u00a0<\/p>\n\n<h5 class=\"has-luminous-vivid-orange-color has-text-color\">4- Traduction<\/h5>\n\n<div class=\"wp-block-media-text alignwide has-media-on-the-right is-stacked-on-mobile\" style=\"grid-template-columns: auto 27%;\">\n<figure class=\"wp-block-media-text__media\"><img width=\"1024\" height=\"683\" class=\"wp-image-27925 size-full\" src=\"https:\/\/dev-elam-site.pantheonsite.io\/wp-content\/uploads\/2022\/07\/pexels-rodnae-productions-5759946-1024x683.jpg\" alt=\"vous pourrez utiliser vos comp\u00e9tences linguistiques dans le secteur de la traduction\" srcset=\"https:\/\/elam.ca\/wp-content\/uploads\/2022\/07\/pexels-rodnae-productions-5759946-1024x683.jpg 1024w, https:\/\/elam.ca\/wp-content\/uploads\/2022\/07\/pexels-rodnae-productions-5759946-300x200.jpg 300w, https:\/\/elam.ca\/wp-content\/uploads\/2022\/07\/pexels-rodnae-productions-5759946-768x512.jpg 768w, https:\/\/elam.ca\/wp-content\/uploads\/2022\/07\/pexels-rodnae-productions-5759946-1536x1024.jpg 1536w, https:\/\/elam.ca\/wp-content\/uploads\/2022\/07\/pexels-rodnae-productions-5759946-2048x1365.jpg 2048w\" sizes=\"(max-width: 1024px) 100vw, 1024px\" \/><\/figure>\n<div class=\"wp-block-media-text__content\">\n<p style=\"font-size: 16px;\">Ce n&#8217;est peut-\u00eatre pas une surprise, mais si vous parlez couramment le japonais, vous pourrez utiliser vos comp\u00e9tences linguistiques dans le secteur de la traduction. Cela est particuli\u00e8rement utile si vous souhaitez compl\u00e9ter vos revenus. En outre, vous serez tr\u00e8s demand\u00e9 aux \u00c9tats-Unis si vous parlez japonais. Les donn\u00e9es du recensement de 2011 r\u00e9v\u00e8lent que 436110\u00a0personnes parlent japonais aux \u00c9tats-Unis. Compar\u00e9 \u00e0 d\u2019autres langues comme le chinois (2882497) et l&#8217;espagnol, ce nombre est modeste (37579787).<\/p>\n<\/div>\n<\/div>\n\n<p>\u00a0<\/p>\n\n<h5 class=\"has-luminous-vivid-orange-color has-text-color\">5- Am\u00e9liorez votre statut au travail<\/h5>\n\n<p>Si vous voulez am\u00e9liorer votre statut au travail, l\u2019un des moyens les plus efficaces est d\u2019apprendre le japonais. M\u00eame si vous ne connaissez que quelques salutations de base ou le japonais des affaires, apprendre la langue est un excellent moyen de gagner le respect d\u2019autres clients et partenaires commerciaux, en particulier ceux du Japon. Si vous souhaitez faire le grand saut, jetez un coup d\u2019\u0153il aux <a href=\"https:\/\/dev-elam-site.pantheonsite.io\/language-courses\">programmes linguistiques d\u2019ELAM<\/a>.<\/p>\n\t\t\t\t\t\t\t<\/div>\r\n\t\t\t\t\t\t\t\t\t\t<\/div>\n\t\t\t\t<\/div>\n\t\t\t\t\t<\/div>\n\t\t<\/div>\n\t\t\t\t\t<\/div><\/div>\r\n\t\t<\/section>\r\n\t\t\t\t<\/div>\n\t\t","protected":false},"excerpt":{"rendered":"<p>Lorsque vous commencez \u00e0 \u00e9tudier le japonais, vous n\u2019avez peut-\u00eatre pas conscience de tous les avantages de vos nouvelles comp\u00e9tences linguistiques. Une fois que vous avez atteint un certain niveau de comp\u00e9tence, vous pouvez mettre en pratique vos connaissances en japonais, notamment sur le lieu de travail.<\/p>\n","protected":false},"author":1,"featured_media":27935,"comment_status":"closed","ping_status":"open","sticky":false,"template":"","format":"standard","meta":{"footnotes":""},"categories":[137,116,99],"tags":[104,102,100,118],"class_list":{"0":"post-27927","1":"post","2":"type-post","3":"status-publish","4":"format-standard","5":"has-post-thumbnail","7":"category-article-recent","8":"category-articles-de-blogue-recents","9":"category-cours-langues","10":"tag-apprendre-les-langues-en-ligne","11":"tag-apprendre-une-langue-en-ligne","12":"tag-apprenrde-des-langues","13":"tag-apprentissage-et-developpement"},"yoast_head":"<!-- This site is optimized with the Yoast SEO Premium plugin v22.4 (Yoast SEO v26.7) - https:\/\/yoast.com\/wordpress\/plugins\/seo\/ -->\n<title>S\u00e9rie Langues \u00e9mergente : Apprendre le japonais pour votre travail - ELAM<\/title>\n<meta name=\"description\" content=\"Lorsque vous commencez \u00e0 \u00e9tudier le japonais, vous n\u2019avez peut-\u00eatre pas conscience de tous les avantages de vos comp\u00e9tences linguistiques.\" \/>\n<meta name=\"robots\" content=\"index, follow, max-snippet:-1, max-image-preview:large, max-video-preview:-1\" \/>\n<link rel=\"canonical\" href=\"http:\/\/elam.ca\/fr\/cours-langues\/apprendre-le-japonais-pour-votre-travail\" \/>\n<meta property=\"og:locale\" content=\"fr_FR\" \/>\n<meta property=\"og:type\" content=\"article\" \/>\n<meta property=\"og:title\" content=\"S\u00e9rie Langues \u00e9mergente : Apprendre le japonais pour votre travail\" \/>\n<meta property=\"og:description\" content=\"Lorsque vous commencez \u00e0 \u00e9tudier le japonais, vous n\u2019avez peut-\u00eatre pas conscience de tous les avantages de vos comp\u00e9tences linguistiques.\" \/>\n<meta property=\"og:url\" content=\"http:\/\/elam.ca\/fr\/cours-langues\/apprendre-le-japonais-pour-votre-travail\" \/>\n<meta property=\"og:site_name\" content=\"ELAM\" \/>\n<meta property=\"article:publisher\" content=\"https:\/\/www.facebook.com\/ELAM.qc.ca\" \/>\n<meta property=\"article:published_time\" content=\"2022-07-05T20:37:37+00:00\" \/>\n<meta property=\"article:modified_time\" content=\"2022-07-20T17:02:40+00:00\" \/>\n<meta property=\"og:image\" content=\"http:\/\/elam.ca\/wp-content\/uploads\/2022\/07\/AdobeStock_309757539-1024x683.jpeg\" \/>\n\t<meta property=\"og:image:width\" content=\"1024\" \/>\n\t<meta property=\"og:image:height\" content=\"683\" \/>\n\t<meta property=\"og:image:type\" content=\"image\/jpeg\" \/>\n<meta name=\"author\" content=\"elam\" \/>\n<meta name=\"twitter:card\" content=\"summary_large_image\" \/>\n<meta name=\"twitter:creator\" content=\"@ELAMca\" \/>\n<meta name=\"twitter:site\" content=\"@ELAMca\" \/>\n<meta name=\"twitter:label1\" content=\"Written by\" \/>\n\t<meta name=\"twitter:data1\" content=\"elam\" \/>\n\t<meta name=\"twitter:label2\" content=\"Est. reading time\" \/>\n\t<meta name=\"twitter:data2\" content=\"4 minutes\" \/>\n<script type=\"application\/ld+json\" class=\"yoast-schema-graph\">{\"@context\":\"https:\/\/schema.org\",\"@graph\":[{\"@type\":\"Article\",\"@id\":\"http:\/\/elam.ca\/fr\/cours-langues\/apprendre-le-japonais-pour-votre-travail#article\",\"isPartOf\":{\"@id\":\"http:\/\/elam.ca\/fr\/cours-langues\/apprendre-le-japonais-pour-votre-travail\"},\"author\":{\"name\":\"elam\",\"@id\":\"https:\/\/elam.ca\/fr\/#\/schema\/person\/c04840fe3258fc537d2f43fb50454710\"},\"headline\":\"S\u00e9rie Langues \u00e9mergente : Apprendre le japonais pour votre travail\",\"datePublished\":\"2022-07-05T20:37:37+00:00\",\"dateModified\":\"2022-07-20T17:02:40+00:00\",\"mainEntityOfPage\":{\"@id\":\"http:\/\/elam.ca\/fr\/cours-langues\/apprendre-le-japonais-pour-votre-travail\"},\"wordCount\":721,\"publisher\":{\"@id\":\"https:\/\/elam.ca\/fr\/#organization\"},\"image\":{\"@id\":\"http:\/\/elam.ca\/fr\/cours-langues\/apprendre-le-japonais-pour-votre-travail#primaryimage\"},\"thumbnailUrl\":\"https:\/\/elam.ca\/wp-content\/uploads\/2022\/07\/AdobeStock_309757539.jpeg\",\"keywords\":[\"Apprendre les langues en ligne\",\"Apprendre une langue en ligne\",\"Apprenrde des langues\",\"Apprentissage et d\u00e9veloppement\"],\"articleSection\":[\"Article r\u00e9cent\",\"Articles de blogue r\u00e9cents\",\"Cours de langues\"],\"inLanguage\":\"fr-FR\"},{\"@type\":\"WebPage\",\"@id\":\"http:\/\/elam.ca\/fr\/cours-langues\/apprendre-le-japonais-pour-votre-travail\",\"url\":\"http:\/\/elam.ca\/fr\/cours-langues\/apprendre-le-japonais-pour-votre-travail\",\"name\":\"S\u00e9rie Langues \u00e9mergente : Apprendre le japonais pour votre travail - ELAM\",\"isPartOf\":{\"@id\":\"https:\/\/elam.ca\/fr\/#website\"},\"primaryImageOfPage\":{\"@id\":\"http:\/\/elam.ca\/fr\/cours-langues\/apprendre-le-japonais-pour-votre-travail#primaryimage\"},\"image\":{\"@id\":\"http:\/\/elam.ca\/fr\/cours-langues\/apprendre-le-japonais-pour-votre-travail#primaryimage\"},\"thumbnailUrl\":\"https:\/\/elam.ca\/wp-content\/uploads\/2022\/07\/AdobeStock_309757539.jpeg\",\"datePublished\":\"2022-07-05T20:37:37+00:00\",\"dateModified\":\"2022-07-20T17:02:40+00:00\",\"description\":\"Lorsque vous commencez \u00e0 \u00e9tudier le japonais, vous n\u2019avez peut-\u00eatre pas conscience de tous les avantages de vos comp\u00e9tences linguistiques.\",\"breadcrumb\":{\"@id\":\"http:\/\/elam.ca\/fr\/cours-langues\/apprendre-le-japonais-pour-votre-travail#breadcrumb\"},\"inLanguage\":\"fr-FR\",\"potentialAction\":[{\"@type\":\"ReadAction\",\"target\":[\"http:\/\/elam.ca\/fr\/cours-langues\/apprendre-le-japonais-pour-votre-travail\"]}]},{\"@type\":\"ImageObject\",\"inLanguage\":\"fr-FR\",\"@id\":\"http:\/\/elam.ca\/fr\/cours-langues\/apprendre-le-japonais-pour-votre-travail#primaryimage\",\"url\":\"https:\/\/elam.ca\/wp-content\/uploads\/2022\/07\/AdobeStock_309757539.jpeg\",\"contentUrl\":\"https:\/\/elam.ca\/wp-content\/uploads\/2022\/07\/AdobeStock_309757539.jpeg\",\"width\":8004,\"height\":5336},{\"@type\":\"BreadcrumbList\",\"@id\":\"http:\/\/elam.ca\/fr\/cours-langues\/apprendre-le-japonais-pour-votre-travail#breadcrumb\",\"itemListElement\":[{\"@type\":\"ListItem\",\"position\":1,\"name\":\"Home\",\"item\":\"https:\/\/elam.ca\/en\"},{\"@type\":\"ListItem\",\"position\":2,\"name\":\"S\u00e9rie Langues \u00e9mergente : Apprendre le japonais pour votre travail\"}]},{\"@type\":\"WebSite\",\"@id\":\"https:\/\/elam.ca\/fr\/#website\",\"url\":\"https:\/\/elam.ca\/fr\/\",\"name\":\"Elam\",\"description\":\"ELAM Site\",\"publisher\":{\"@id\":\"https:\/\/elam.ca\/fr\/#organization\"},\"potentialAction\":[{\"@type\":\"SearchAction\",\"target\":{\"@type\":\"EntryPoint\",\"urlTemplate\":\"https:\/\/elam.ca\/fr\/?s={search_term_string}\"},\"query-input\":{\"@type\":\"PropertyValueSpecification\",\"valueRequired\":true,\"valueName\":\"search_term_string\"}}],\"inLanguage\":\"fr-FR\"},{\"@type\":\"Organization\",\"@id\":\"https:\/\/elam.ca\/fr\/#organization\",\"name\":\"Elam\",\"url\":\"https:\/\/elam.ca\/fr\/\",\"logo\":{\"@type\":\"ImageObject\",\"inLanguage\":\"fr-FR\",\"@id\":\"https:\/\/elam.ca\/fr\/#\/schema\/logo\/image\/\",\"url\":\"https:\/\/live-elam-site.pantheonsite.io\/wp-content\/uploads\/2021\/06\/elam-og-image.png\",\"contentUrl\":\"https:\/\/live-elam-site.pantheonsite.io\/wp-content\/uploads\/2021\/06\/elam-og-image.png\",\"width\":1200,\"height\":628,\"caption\":\"Elam\"},\"image\":{\"@id\":\"https:\/\/elam.ca\/fr\/#\/schema\/logo\/image\/\"},\"sameAs\":[\"https:\/\/www.facebook.com\/ELAM.qc.ca\",\"https:\/\/x.com\/ELAMca\",\"https:\/\/www.instagram.com\/elaminstagram\/\"]},{\"@type\":\"Person\",\"@id\":\"https:\/\/elam.ca\/fr\/#\/schema\/person\/c04840fe3258fc537d2f43fb50454710\",\"name\":\"elam\",\"image\":{\"@type\":\"ImageObject\",\"inLanguage\":\"fr-FR\",\"@id\":\"https:\/\/elam.ca\/fr\/#\/schema\/person\/image\/\",\"url\":\"https:\/\/secure.gravatar.com\/avatar\/afbac6ee0f65ff6e42aa57ab8530cf6d9a359ec315e31450bfec8a34971a2934?s=96&d=mm&r=g\",\"contentUrl\":\"https:\/\/secure.gravatar.com\/avatar\/afbac6ee0f65ff6e42aa57ab8530cf6d9a359ec315e31450bfec8a34971a2934?s=96&d=mm&r=g\",\"caption\":\"elam\"},\"sameAs\":[\"http:\/\/elam.wpengine.com\"],\"url\":\"https:\/\/elam.ca\/fr\/author\/elam\"}]}<\/script>\n<!-- \/ Yoast SEO Premium plugin. -->","yoast_head_json":{"title":"S\u00e9rie Langues \u00e9mergente : Apprendre le japonais pour votre travail - ELAM","description":"Lorsque vous commencez \u00e0 \u00e9tudier le japonais, vous n\u2019avez peut-\u00eatre pas conscience de tous les avantages de vos comp\u00e9tences linguistiques.","robots":{"index":"index","follow":"follow","max-snippet":"max-snippet:-1","max-image-preview":"max-image-preview:large","max-video-preview":"max-video-preview:-1"},"canonical":"http:\/\/elam.ca\/fr\/cours-langues\/apprendre-le-japonais-pour-votre-travail","og_locale":"fr_FR","og_type":"article","og_title":"S\u00e9rie Langues \u00e9mergente : Apprendre le japonais pour votre travail","og_description":"Lorsque vous commencez \u00e0 \u00e9tudier le japonais, vous n\u2019avez peut-\u00eatre pas conscience de tous les avantages de vos comp\u00e9tences linguistiques.","og_url":"http:\/\/elam.ca\/fr\/cours-langues\/apprendre-le-japonais-pour-votre-travail","og_site_name":"ELAM","article_publisher":"https:\/\/www.facebook.com\/ELAM.qc.ca","article_published_time":"2022-07-05T20:37:37+00:00","article_modified_time":"2022-07-20T17:02:40+00:00","og_image":[{"width":1024,"height":683,"url":"http:\/\/elam.ca\/wp-content\/uploads\/2022\/07\/AdobeStock_309757539-1024x683.jpeg","type":"image\/jpeg"}],"author":"elam","twitter_card":"summary_large_image","twitter_creator":"@ELAMca","twitter_site":"@ELAMca","twitter_misc":{"Written by":"elam","Est. reading time":"4 minutes"},"schema":{"@context":"https:\/\/schema.org","@graph":[{"@type":"Article","@id":"http:\/\/elam.ca\/fr\/cours-langues\/apprendre-le-japonais-pour-votre-travail#article","isPartOf":{"@id":"http:\/\/elam.ca\/fr\/cours-langues\/apprendre-le-japonais-pour-votre-travail"},"author":{"name":"elam","@id":"https:\/\/elam.ca\/fr\/#\/schema\/person\/c04840fe3258fc537d2f43fb50454710"},"headline":"S\u00e9rie Langues \u00e9mergente : Apprendre le japonais pour votre travail","datePublished":"2022-07-05T20:37:37+00:00","dateModified":"2022-07-20T17:02:40+00:00","mainEntityOfPage":{"@id":"http:\/\/elam.ca\/fr\/cours-langues\/apprendre-le-japonais-pour-votre-travail"},"wordCount":721,"publisher":{"@id":"https:\/\/elam.ca\/fr\/#organization"},"image":{"@id":"http:\/\/elam.ca\/fr\/cours-langues\/apprendre-le-japonais-pour-votre-travail#primaryimage"},"thumbnailUrl":"https:\/\/elam.ca\/wp-content\/uploads\/2022\/07\/AdobeStock_309757539.jpeg","keywords":["Apprendre les langues en ligne","Apprendre une langue en ligne","Apprenrde des langues","Apprentissage et d\u00e9veloppement"],"articleSection":["Article r\u00e9cent","Articles de blogue r\u00e9cents","Cours de langues"],"inLanguage":"fr-FR"},{"@type":"WebPage","@id":"http:\/\/elam.ca\/fr\/cours-langues\/apprendre-le-japonais-pour-votre-travail","url":"http:\/\/elam.ca\/fr\/cours-langues\/apprendre-le-japonais-pour-votre-travail","name":"S\u00e9rie Langues \u00e9mergente : Apprendre le japonais pour votre travail - ELAM","isPartOf":{"@id":"https:\/\/elam.ca\/fr\/#website"},"primaryImageOfPage":{"@id":"http:\/\/elam.ca\/fr\/cours-langues\/apprendre-le-japonais-pour-votre-travail#primaryimage"},"image":{"@id":"http:\/\/elam.ca\/fr\/cours-langues\/apprendre-le-japonais-pour-votre-travail#primaryimage"},"thumbnailUrl":"https:\/\/elam.ca\/wp-content\/uploads\/2022\/07\/AdobeStock_309757539.jpeg","datePublished":"2022-07-05T20:37:37+00:00","dateModified":"2022-07-20T17:02:40+00:00","description":"Lorsque vous commencez \u00e0 \u00e9tudier le japonais, vous n\u2019avez peut-\u00eatre pas conscience de tous les avantages de vos comp\u00e9tences linguistiques.","breadcrumb":{"@id":"http:\/\/elam.ca\/fr\/cours-langues\/apprendre-le-japonais-pour-votre-travail#breadcrumb"},"inLanguage":"fr-FR","potentialAction":[{"@type":"ReadAction","target":["http:\/\/elam.ca\/fr\/cours-langues\/apprendre-le-japonais-pour-votre-travail"]}]},{"@type":"ImageObject","inLanguage":"fr-FR","@id":"http:\/\/elam.ca\/fr\/cours-langues\/apprendre-le-japonais-pour-votre-travail#primaryimage","url":"https:\/\/elam.ca\/wp-content\/uploads\/2022\/07\/AdobeStock_309757539.jpeg","contentUrl":"https:\/\/elam.ca\/wp-content\/uploads\/2022\/07\/AdobeStock_309757539.jpeg","width":8004,"height":5336},{"@type":"BreadcrumbList","@id":"http:\/\/elam.ca\/fr\/cours-langues\/apprendre-le-japonais-pour-votre-travail#breadcrumb","itemListElement":[{"@type":"ListItem","position":1,"name":"Home","item":"https:\/\/elam.ca\/en"},{"@type":"ListItem","position":2,"name":"S\u00e9rie Langues \u00e9mergente : Apprendre le japonais pour votre travail"}]},{"@type":"WebSite","@id":"https:\/\/elam.ca\/fr\/#website","url":"https:\/\/elam.ca\/fr\/","name":"Elam","description":"ELAM Site","publisher":{"@id":"https:\/\/elam.ca\/fr\/#organization"},"potentialAction":[{"@type":"SearchAction","target":{"@type":"EntryPoint","urlTemplate":"https:\/\/elam.ca\/fr\/?s={search_term_string}"},"query-input":{"@type":"PropertyValueSpecification","valueRequired":true,"valueName":"search_term_string"}}],"inLanguage":"fr-FR"},{"@type":"Organization","@id":"https:\/\/elam.ca\/fr\/#organization","name":"Elam","url":"https:\/\/elam.ca\/fr\/","logo":{"@type":"ImageObject","inLanguage":"fr-FR","@id":"https:\/\/elam.ca\/fr\/#\/schema\/logo\/image\/","url":"https:\/\/live-elam-site.pantheonsite.io\/wp-content\/uploads\/2021\/06\/elam-og-image.png","contentUrl":"https:\/\/live-elam-site.pantheonsite.io\/wp-content\/uploads\/2021\/06\/elam-og-image.png","width":1200,"height":628,"caption":"Elam"},"image":{"@id":"https:\/\/elam.ca\/fr\/#\/schema\/logo\/image\/"},"sameAs":["https:\/\/www.facebook.com\/ELAM.qc.ca","https:\/\/x.com\/ELAMca","https:\/\/www.instagram.com\/elaminstagram\/"]},{"@type":"Person","@id":"https:\/\/elam.ca\/fr\/#\/schema\/person\/c04840fe3258fc537d2f43fb50454710","name":"elam","image":{"@type":"ImageObject","inLanguage":"fr-FR","@id":"https:\/\/elam.ca\/fr\/#\/schema\/person\/image\/","url":"https:\/\/secure.gravatar.com\/avatar\/afbac6ee0f65ff6e42aa57ab8530cf6d9a359ec315e31450bfec8a34971a2934?s=96&d=mm&r=g","contentUrl":"https:\/\/secure.gravatar.com\/avatar\/afbac6ee0f65ff6e42aa57ab8530cf6d9a359ec315e31450bfec8a34971a2934?s=96&d=mm&r=g","caption":"elam"},"sameAs":["http:\/\/elam.wpengine.com"],"url":"https:\/\/elam.ca\/fr\/author\/elam"}]}},"menu_order":0,"_links":{"self":[{"href":"https:\/\/elam.ca\/fr\/wp-json\/wp\/v2\/posts\/27927","targetHints":{"allow":["GET"]}}],"collection":[{"href":"https:\/\/elam.ca\/fr\/wp-json\/wp\/v2\/posts"}],"about":[{"href":"https:\/\/elam.ca\/fr\/wp-json\/wp\/v2\/types\/post"}],"author":[{"embeddable":true,"href":"https:\/\/elam.ca\/fr\/wp-json\/wp\/v2\/users\/1"}],"replies":[{"embeddable":true,"href":"https:\/\/elam.ca\/fr\/wp-json\/wp\/v2\/comments?post=27927"}],"version-history":[{"count":0,"href":"https:\/\/elam.ca\/fr\/wp-json\/wp\/v2\/posts\/27927\/revisions"}],"wp:featuredmedia":[{"embeddable":true,"href":"https:\/\/elam.ca\/fr\/wp-json\/wp\/v2\/media\/27935"}],"wp:attachment":[{"href":"https:\/\/elam.ca\/fr\/wp-json\/wp\/v2\/media?parent=27927"}],"wp:term":[{"taxonomy":"category","embeddable":true,"href":"https:\/\/elam.ca\/fr\/wp-json\/wp\/v2\/categories?post=27927"},{"taxonomy":"post_tag","embeddable":true,"href":"https:\/\/elam.ca\/fr\/wp-json\/wp\/v2\/tags?post=27927"}],"curies":[{"name":"wp","href":"https:\/\/api.w.org\/{rel}","templated":true}]}}