{"id":27827,"date":"2022-05-16T21:06:18","date_gmt":"2022-05-16T21:06:18","guid":{"rendered":"https:\/\/live-elam-site.pantheonsite.io\/?p=27827"},"modified":"2022-06-14T20:37:05","modified_gmt":"2022-06-14T20:37:05","slug":"serie-sur-les-langues-emergentes-apprendre-lallemand-pour-votre-travail","status":"publish","type":"post","link":"https:\/\/elam.ca\/fr\/cours-langues\/serie-sur-les-langues-emergentes-apprendre-lallemand-pour-votre-travail","title":{"rendered":"S\u00e9rie sur les langues \u00e9mergentes : Apprendre l&#8217;allemand pour votre travail"},"content":{"rendered":"\t\t<div data-elementor-type=\"wp-post\" data-elementor-id=\"27827\" class=\"elementor elementor-27827\" data-elementor-post-type=\"post\">\n\t\t\t\t\t\t<section class=\"elementor-section elementor-top-section elementor-element elementor-element-ca1cd30 elementor-section-boxed elementor-section-height-default elementor-section-height-default\" data-id=\"ca1cd30\" data-element_type=\"section\" data-settings=\"{&quot;background_background&quot;:&quot;classic&quot;}\">\r\n\t\t\t\t\t\t<div class=\"elementor-container elementor-column-gap-thegem\"><div class=\"elementor-row\">\r\n\t\t\t\t\t<div class=\"elementor-column elementor-col-100 elementor-top-column elementor-element elementor-element-e66f382\" data-id=\"e66f382\" data-element_type=\"column\">\n\t\t\t<div class=\"elementor-widget-wrap elementor-element-populated\">\n\t\t\t\t\t\t<div class=\"elementor-element elementor-element-ad085b0 flex-horizontal-align-default flex-horizontal-align-tablet-default flex-horizontal-align-mobile-default flex-vertical-align-default flex-vertical-align-tablet-default flex-vertical-align-mobile-default elementor-widget elementor-widget-text-editor\" data-id=\"ad085b0\" data-element_type=\"widget\" data-widget_type=\"text-editor.default\">\n\t\t\t\t<div class=\"elementor-widget-container\">\n\t\t\t\t\t\t\t\t\t\t\t\t<div class=\"elementor-text-editor elementor-clearfix\">\r\n\t\t\t\t\t\t<p><img class=\"alignleft size-medium wp-image-27824\" src=\"https:\/\/dev-elam-site.pantheonsite.io\/wp-content\/uploads\/2022\/05\/pexels-felix-mittermeier-532864-300x180.jpg\" alt=\"\" width=\"300\" height=\"180\" srcset=\"https:\/\/elam.ca\/wp-content\/uploads\/2022\/05\/pexels-felix-mittermeier-532864-300x180.jpg 300w, https:\/\/elam.ca\/wp-content\/uploads\/2022\/05\/pexels-felix-mittermeier-532864-1024x614.jpg 1024w, https:\/\/elam.ca\/wp-content\/uploads\/2022\/05\/pexels-felix-mittermeier-532864-768x460.jpg 768w, https:\/\/elam.ca\/wp-content\/uploads\/2022\/05\/pexels-felix-mittermeier-532864-1536x921.jpg 1536w, https:\/\/elam.ca\/wp-content\/uploads\/2022\/05\/pexels-felix-mittermeier-532864-2048x1227.jpg 2048w\" sizes=\"(max-width: 300px) 100vw, 300px\" \/>De plus en plus d&#8217;entreprises et d&#8217;organisations ont une perspective mondiale. Elles ont besoin d&#8217;employ\u00e9s qui non seulement parlent des langues \u00e9trang\u00e8res, comme l&#8217;allemand, mais ont aussi une exp\u00e9rience d&#8217;autres mentalit\u00e9s et pratiques de travail, comme celle acquise lors d&#8217;un s\u00e9jour en Allemagne. Ce personnel peut apporter aux entreprises un avantage concurrentiel crucial.<\/p><p>En effet, les offres d&#8217;emploi pr\u00e9cisent rarement une p\u00e9riode pass\u00e9e \u00e0 l&#8217;\u00e9tranger, mais une connaissance de l&#8217;allemand et un s\u00e9jour en Allemagne peuvent consid\u00e9rablement am\u00e9liorer votre CV et faire progresser votre carri\u00e8re.<\/p><p>L&#8217;allemand est la quatri\u00e8me <a href=\"https:\/\/www.nextstation.com\/en\/blog\/advice\/demand-for-german-speaking-employees\">langue <\/a>la plus <a href=\"https:\/\/www.nextstation.com\/en\/blog\/advice\/demand-for-german-speaking-employees\">parl\u00e9e <\/a>au monde. De plus, l&#8217;Allemagne poss\u00e8de l&#8217;\u00e9conomie la plus puissante de l&#8217;Union europ\u00e9enne, ce qui en fait l&#8217;une des langues les plus demand\u00e9es par les entreprises internationales. La connaissance de l\u2019allemand pourrait faire augmenter votre salaire d&#8217;environ 4 % ! Et aux \u00c9tats-Unis, les emplois germanophones offrent le salaire m\u00e9dian le plus \u00e9lev\u00e9.<\/p><p>Pour r\u00e9pondre \u00e0 certaines de vos questions, voici quelques informations sur la demande de germanophones : les demandeurs d&#8217;emploi allemands h\u00e9sitent \u00e0 s&#8217;expatrier.<\/p><h5>Les trois principales professions des germanophones<\/h5><h6><strong>1. Marketing<\/strong><\/h6><p>En raison de l&#8217;importance de l&#8217;\u00e9conomie allemande, les entreprises internationales sont impatientes de p\u00e9n\u00e9trer sur ce march\u00e9. Cela repr\u00e9sente un d\u00e9fi si vous ne parlez pas la langue. Pour que vos efforts soient vraiment efficaces, il est \u00e9galement b\u00e9n\u00e9fique de conna\u00eetre la culture en plus de la langue. Les germanophones peuvent vous aider dans les domaines du marketing de contenu, des relations publiques, du marketing par courriel et de la r\u00e9daction.<\/p><p>Fait fascinant : si votre langue maternelle n&#8217;est pas l&#8217;allemand mais que vous avez choisi d&#8217;apprendre la langue pour faire avancer votre carri\u00e8re, vos chances d&#8217;obtenir un emploi bas\u00e9 sur vos comp\u00e9tences linguistiques augmenteront apr\u00e8s quelques ann\u00e9es de vie en Allemagne.<\/p><h6><strong><img class=\"alignleft size-medium wp-image-27826\" src=\"https:\/\/dev-elam-site.pantheonsite.io\/wp-content\/uploads\/2022\/05\/pexels-antoni-shkraba-5816293-300x200.jpg\" alt=\"\" width=\"300\" height=\"200\" srcset=\"https:\/\/elam.ca\/wp-content\/uploads\/2022\/05\/pexels-antoni-shkraba-5816293-300x200.jpg 300w, https:\/\/elam.ca\/wp-content\/uploads\/2022\/05\/pexels-antoni-shkraba-5816293-1024x683.jpg 1024w, https:\/\/elam.ca\/wp-content\/uploads\/2022\/05\/pexels-antoni-shkraba-5816293-768x512.jpg 768w, https:\/\/elam.ca\/wp-content\/uploads\/2022\/05\/pexels-antoni-shkraba-5816293-1536x1024.jpg 1536w, https:\/\/elam.ca\/wp-content\/uploads\/2022\/05\/pexels-antoni-shkraba-5816293-2048x1366.jpg 2048w\" sizes=\"(max-width: 300px) 100vw, 300px\" \/>2. Recrutement<\/strong><\/h6><p>En raison de l&#8217;excellent \u00e9quilibre entre vie professionnelle et vie priv\u00e9e et de la robustesse de l&#8217;\u00e9conomie allemande, de nombreux Allemands ne voient aucune raison de s&#8217;expatrier. Les recruteurs germanophones peuvent faciliter la communication avec les <a href=\"https:\/\/prorecognition.in\/6-reasons-to-learn-german-before-starting-your-job-search\/\">demandeurs<\/a> <a href=\"https:\/\/prorecognition.in\/6-reasons-to-learn-german-before-starting-your-job-search\/\">d&#8217;emploi allemands <\/a>qui s&#8217;inqui\u00e8tent de travailler \u00e0 l&#8217;\u00e9tranger. Les demandeurs d&#8217;emploi appr\u00e9cieront de parler avec un repr\u00e9sentant qui parle leur langue, car cela les aidera \u00e0 r\u00e9pondre \u00e0 leurs pr\u00e9occupations ou \u00e0 leurs questions. Un recruteur germanophone sera \u00e9galement en mesure de comprendre les obstacles ou les confusions que les candidats germanophones peuvent avoir, ce qui pourrait contribuer \u00e0 dissiper les doutes et donc \u00e0 accro\u00eetre la motivation.<\/p><h6><strong>3. Ventes<\/strong><\/h6><p>Il existe plusieurs raisons pour lesquelles il serait avantageux de recruter des <a href=\"https:\/\/www.alumniportal-deutschland.org\/en\/career\/speaking-german\">candidats germanophones <\/a>\u00e0 des postes de vente. Les entreprises qui cherchent \u00e0 \u00e9tendre leur march\u00e9 mondial, en particulier le march\u00e9 allemand, b\u00e9n\u00e9ficieront grandement de la pr\u00e9sence de germanophones parmi leur personnel.<\/p><p>Nous proposons d&#8217;excellents programmes et de fantastiques formateurs en langue allemande pour vous aider \u00e0 atteindre vos objectifs d&#8217;apprentissage linguistique et \u00e0 <a href=\"https:\/\/dev-elam-site.pantheonsite.io\/hr-ressources\/language-learning-as-a-career-booster\">donner<\/a>\u00a0<a href=\"https:\/\/dev-elam-site.pantheonsite.io\/fr\/cours-langues\/les-nombreux-avantages-de-lapprentissage-dune-nouvelle-langue\">un coup de pouce \u00e0 votre carri\u00e8re<\/a><a href=\"https:\/\/dev-elam-site.pantheonsite.io\/hr-ressources\/language-learning-as-a-career-booster\">. <\/a>Contactez <a href=\"https:\/\/dev-elam-site.pantheonsite.io\/\">ELAM <\/a>d\u00e8s aujourd&#8217;hui pour obtenir plus d&#8217;informations. Bis sp\u00e4ter !<\/p>\t\t\t\t\t\t\t<\/div>\r\n\t\t\t\t\t\t\t\t\t\t<\/div>\n\t\t\t\t<\/div>\n\t\t\t\t\t<\/div>\n\t\t<\/div>\n\t\t\t\t\t<\/div><\/div>\r\n\t\t<\/section>\r\n\t\t\t\t<section class=\"elementor-section elementor-top-section elementor-element elementor-element-abfd689 elementor-section-boxed elementor-section-height-default elementor-section-height-default\" data-id=\"abfd689\" data-element_type=\"section\">\r\n\t\t\t\t\t\t<div class=\"elementor-container elementor-column-gap-thegem\"><div class=\"elementor-row\">\r\n\t\t\t\t\t<div class=\"elementor-column elementor-col-100 elementor-top-column elementor-element elementor-element-2ec70d0\" data-id=\"2ec70d0\" data-element_type=\"column\">\n\t\t\t<div class=\"elementor-widget-wrap elementor-element-populated\">\n\t\t\t\t\t\t\t<\/div>\n\t\t<\/div>\n\t\t\t\t\t<\/div><\/div>\r\n\t\t<\/section>\r\n\t\t\t\t<\/div>\n\t\t","protected":false},"excerpt":{"rendered":"<p>Nous proposons d&#8217;excellents programmes et de fantastiques formateurs en langue allemande pour vous aider \u00e0 atteindre vos objectifs d&#8217;apprentissage linguistique et \u00e0 donner un coup de pouce \u00e0 votre carri\u00e8re. Contactez ELAM d\u00e8s aujourd&#8217;hui pour obtenir plus d&#8217;informations. Bis sp\u00e4ter !<\/p>\n","protected":false},"author":1,"featured_media":27824,"comment_status":"closed","ping_status":"closed","sticky":false,"template":"single-fullwidth.php","format":"standard","meta":{"footnotes":""},"categories":[116,99],"tags":[174,104,100,173],"class_list":{"0":"post-27827","1":"post","2":"type-post","3":"status-publish","4":"format-standard","5":"has-post-thumbnail","7":"category-articles-de-blogue-recents","8":"category-cours-langues","9":"tag-apprendre-lallemand","10":"tag-apprendre-les-langues-en-ligne","11":"tag-apprenrde-des-langues","12":"tag-apprentissage-dallemand"},"yoast_head":"<!-- This site is optimized with the Yoast SEO Premium plugin v22.4 (Yoast SEO v26.7) - https:\/\/yoast.com\/wordpress\/plugins\/seo\/ -->\n<title>S\u00e9rie sur les langues \u00e9mergentes : Apprendre l&#039;allemand pour votre travail - ELAM<\/title>\n<meta name=\"description\" content=\"De plus en plus d&#039;entreprises et d&#039;organisations ont une perspective mondiale. Elles ont besoin d&#039;employ\u00e9s qui non seulement parlent des langues \u00e9trang\u00e8res, comme l&#039;allemand, mais ont aussi une exp\u00e9rience d&#039;autres mentalit\u00e9s et pratiques de travail, comme celle acquise lors d&#039;un s\u00e9jour en Allemagne. Ce personnel peut apporter aux entreprises un avantage concurrentiel crucial.\" \/>\n<meta name=\"robots\" content=\"index, follow, max-snippet:-1, max-image-preview:large, max-video-preview:-1\" \/>\n<link rel=\"canonical\" href=\"http:\/\/elam.ca\/fr\/cours-langues\/serie-sur-les-langues-emergentes-apprendre-lallemand-pour-votre-travail\" \/>\n<meta property=\"og:locale\" content=\"fr_FR\" \/>\n<meta property=\"og:type\" content=\"article\" \/>\n<meta property=\"og:title\" content=\"S\u00e9rie sur les langues \u00e9mergentes : Apprendre l&#039;allemand pour votre travail\" \/>\n<meta property=\"og:description\" content=\"De plus en plus d&#039;entreprises et d&#039;organisations ont une perspective mondiale. Elles ont besoin d&#039;employ\u00e9s qui non seulement parlent des langues \u00e9trang\u00e8res, comme l&#039;allemand, mais ont aussi une exp\u00e9rience d&#039;autres mentalit\u00e9s et pratiques de travail, comme celle acquise lors d&#039;un s\u00e9jour en Allemagne. Ce personnel peut apporter aux entreprises un avantage concurrentiel crucial.\" \/>\n<meta property=\"og:url\" content=\"http:\/\/elam.ca\/fr\/cours-langues\/serie-sur-les-langues-emergentes-apprendre-lallemand-pour-votre-travail\" \/>\n<meta property=\"og:site_name\" content=\"ELAM\" \/>\n<meta property=\"article:publisher\" content=\"https:\/\/www.facebook.com\/ELAM.qc.ca\" \/>\n<meta property=\"article:published_time\" content=\"2022-05-16T21:06:18+00:00\" \/>\n<meta property=\"article:modified_time\" content=\"2022-06-14T20:37:05+00:00\" \/>\n<meta property=\"og:image\" content=\"http:\/\/elam.ca\/wp-content\/uploads\/2022\/05\/pexels-felix-mittermeier-532864-scaled.jpg\" \/>\n\t<meta property=\"og:image:width\" content=\"2560\" \/>\n\t<meta property=\"og:image:height\" content=\"1534\" \/>\n\t<meta property=\"og:image:type\" content=\"image\/jpeg\" \/>\n<meta name=\"author\" content=\"elam\" \/>\n<meta name=\"twitter:card\" content=\"summary_large_image\" \/>\n<meta name=\"twitter:title\" content=\"S\u00e9rie sur les langues \u00e9mergentes : Apprendre l&#039;allemand pour votre travail\" \/>\n<meta name=\"twitter:description\" content=\"De plus en plus d&#039;entreprises et d&#039;organisations ont une perspective mondiale. Elles ont besoin d&#039;employ\u00e9s qui non seulement parlent des langues \u00e9trang\u00e8res, comme l&#039;allemand, mais ont aussi une exp\u00e9rience d&#039;autres mentalit\u00e9s et pratiques de travail, comme celle acquise lors d&#039;un s\u00e9jour en Allemagne. Ce personnel peut apporter aux entreprises un avantage concurrentiel crucial.\" \/>\n<meta name=\"twitter:image\" content=\"https:\/\/elam.ca\/wp-content\/uploads\/2022\/05\/pexels-felix-mittermeier-532864-scaled.jpg\" \/>\n<meta name=\"twitter:creator\" content=\"@ELAMca\" \/>\n<meta name=\"twitter:site\" content=\"@ELAMca\" \/>\n<meta name=\"twitter:label1\" content=\"Written by\" \/>\n\t<meta name=\"twitter:data1\" content=\"elam\" \/>\n\t<meta name=\"twitter:label2\" content=\"Est. reading time\" \/>\n\t<meta name=\"twitter:data2\" content=\"3 minutes\" \/>\n<script type=\"application\/ld+json\" class=\"yoast-schema-graph\">{\"@context\":\"https:\/\/schema.org\",\"@graph\":[{\"@type\":\"Article\",\"@id\":\"http:\/\/elam.ca\/fr\/cours-langues\/serie-sur-les-langues-emergentes-apprendre-lallemand-pour-votre-travail#article\",\"isPartOf\":{\"@id\":\"http:\/\/elam.ca\/fr\/cours-langues\/serie-sur-les-langues-emergentes-apprendre-lallemand-pour-votre-travail\"},\"author\":{\"name\":\"elam\",\"@id\":\"https:\/\/elam.ca\/fr\/#\/schema\/person\/c04840fe3258fc537d2f43fb50454710\"},\"headline\":\"S\u00e9rie sur les langues \u00e9mergentes : Apprendre l&#8217;allemand pour votre travail\",\"datePublished\":\"2022-05-16T21:06:18+00:00\",\"dateModified\":\"2022-06-14T20:37:05+00:00\",\"mainEntityOfPage\":{\"@id\":\"http:\/\/elam.ca\/fr\/cours-langues\/serie-sur-les-langues-emergentes-apprendre-lallemand-pour-votre-travail\"},\"wordCount\":552,\"publisher\":{\"@id\":\"https:\/\/elam.ca\/fr\/#organization\"},\"image\":{\"@id\":\"http:\/\/elam.ca\/fr\/cours-langues\/serie-sur-les-langues-emergentes-apprendre-lallemand-pour-votre-travail#primaryimage\"},\"thumbnailUrl\":\"https:\/\/elam.ca\/wp-content\/uploads\/2022\/05\/pexels-felix-mittermeier-532864-scaled.jpg\",\"keywords\":[\"Apprendre l'allemand\",\"Apprendre les langues en ligne\",\"Apprenrde des langues\",\"Apprentissage d'allemand\"],\"articleSection\":[\"Articles de blogue r\u00e9cents\",\"Cours de langues\"],\"inLanguage\":\"fr-FR\"},{\"@type\":\"WebPage\",\"@id\":\"http:\/\/elam.ca\/fr\/cours-langues\/serie-sur-les-langues-emergentes-apprendre-lallemand-pour-votre-travail\",\"url\":\"http:\/\/elam.ca\/fr\/cours-langues\/serie-sur-les-langues-emergentes-apprendre-lallemand-pour-votre-travail\",\"name\":\"S\u00e9rie sur les langues \u00e9mergentes : Apprendre l'allemand pour votre travail - ELAM\",\"isPartOf\":{\"@id\":\"https:\/\/elam.ca\/fr\/#website\"},\"primaryImageOfPage\":{\"@id\":\"http:\/\/elam.ca\/fr\/cours-langues\/serie-sur-les-langues-emergentes-apprendre-lallemand-pour-votre-travail#primaryimage\"},\"image\":{\"@id\":\"http:\/\/elam.ca\/fr\/cours-langues\/serie-sur-les-langues-emergentes-apprendre-lallemand-pour-votre-travail#primaryimage\"},\"thumbnailUrl\":\"https:\/\/elam.ca\/wp-content\/uploads\/2022\/05\/pexels-felix-mittermeier-532864-scaled.jpg\",\"datePublished\":\"2022-05-16T21:06:18+00:00\",\"dateModified\":\"2022-06-14T20:37:05+00:00\",\"description\":\"De plus en plus d'entreprises et d'organisations ont une perspective mondiale. Elles ont besoin d'employ\u00e9s qui non seulement parlent des langues \u00e9trang\u00e8res, comme l'allemand, mais ont aussi une exp\u00e9rience d'autres mentalit\u00e9s et pratiques de travail, comme celle acquise lors d'un s\u00e9jour en Allemagne. Ce personnel peut apporter aux entreprises un avantage concurrentiel crucial.\",\"breadcrumb\":{\"@id\":\"http:\/\/elam.ca\/fr\/cours-langues\/serie-sur-les-langues-emergentes-apprendre-lallemand-pour-votre-travail#breadcrumb\"},\"inLanguage\":\"fr-FR\",\"potentialAction\":[{\"@type\":\"ReadAction\",\"target\":[\"http:\/\/elam.ca\/fr\/cours-langues\/serie-sur-les-langues-emergentes-apprendre-lallemand-pour-votre-travail\"]}]},{\"@type\":\"ImageObject\",\"inLanguage\":\"fr-FR\",\"@id\":\"http:\/\/elam.ca\/fr\/cours-langues\/serie-sur-les-langues-emergentes-apprendre-lallemand-pour-votre-travail#primaryimage\",\"url\":\"https:\/\/elam.ca\/wp-content\/uploads\/2022\/05\/pexels-felix-mittermeier-532864-scaled.jpg\",\"contentUrl\":\"https:\/\/elam.ca\/wp-content\/uploads\/2022\/05\/pexels-felix-mittermeier-532864-scaled.jpg\",\"width\":2560,\"height\":1534},{\"@type\":\"BreadcrumbList\",\"@id\":\"http:\/\/elam.ca\/fr\/cours-langues\/serie-sur-les-langues-emergentes-apprendre-lallemand-pour-votre-travail#breadcrumb\",\"itemListElement\":[{\"@type\":\"ListItem\",\"position\":1,\"name\":\"Home\",\"item\":\"https:\/\/elam.ca\/en\"},{\"@type\":\"ListItem\",\"position\":2,\"name\":\"S\u00e9rie sur les langues \u00e9mergentes : Apprendre l&#8217;allemand pour votre travail\"}]},{\"@type\":\"WebSite\",\"@id\":\"https:\/\/elam.ca\/fr\/#website\",\"url\":\"https:\/\/elam.ca\/fr\/\",\"name\":\"Elam\",\"description\":\"ELAM Site\",\"publisher\":{\"@id\":\"https:\/\/elam.ca\/fr\/#organization\"},\"potentialAction\":[{\"@type\":\"SearchAction\",\"target\":{\"@type\":\"EntryPoint\",\"urlTemplate\":\"https:\/\/elam.ca\/fr\/?s={search_term_string}\"},\"query-input\":{\"@type\":\"PropertyValueSpecification\",\"valueRequired\":true,\"valueName\":\"search_term_string\"}}],\"inLanguage\":\"fr-FR\"},{\"@type\":\"Organization\",\"@id\":\"https:\/\/elam.ca\/fr\/#organization\",\"name\":\"Elam\",\"url\":\"https:\/\/elam.ca\/fr\/\",\"logo\":{\"@type\":\"ImageObject\",\"inLanguage\":\"fr-FR\",\"@id\":\"https:\/\/elam.ca\/fr\/#\/schema\/logo\/image\/\",\"url\":\"https:\/\/live-elam-site.pantheonsite.io\/wp-content\/uploads\/2021\/06\/elam-og-image.png\",\"contentUrl\":\"https:\/\/live-elam-site.pantheonsite.io\/wp-content\/uploads\/2021\/06\/elam-og-image.png\",\"width\":1200,\"height\":628,\"caption\":\"Elam\"},\"image\":{\"@id\":\"https:\/\/elam.ca\/fr\/#\/schema\/logo\/image\/\"},\"sameAs\":[\"https:\/\/www.facebook.com\/ELAM.qc.ca\",\"https:\/\/x.com\/ELAMca\",\"https:\/\/www.instagram.com\/elaminstagram\/\"]},{\"@type\":\"Person\",\"@id\":\"https:\/\/elam.ca\/fr\/#\/schema\/person\/c04840fe3258fc537d2f43fb50454710\",\"name\":\"elam\",\"image\":{\"@type\":\"ImageObject\",\"inLanguage\":\"fr-FR\",\"@id\":\"https:\/\/elam.ca\/fr\/#\/schema\/person\/image\/\",\"url\":\"https:\/\/secure.gravatar.com\/avatar\/afbac6ee0f65ff6e42aa57ab8530cf6d9a359ec315e31450bfec8a34971a2934?s=96&d=mm&r=g\",\"contentUrl\":\"https:\/\/secure.gravatar.com\/avatar\/afbac6ee0f65ff6e42aa57ab8530cf6d9a359ec315e31450bfec8a34971a2934?s=96&d=mm&r=g\",\"caption\":\"elam\"},\"sameAs\":[\"http:\/\/elam.wpengine.com\"],\"url\":\"https:\/\/elam.ca\/fr\/author\/elam\"}]}<\/script>\n<!-- \/ Yoast SEO Premium plugin. -->","yoast_head_json":{"title":"S\u00e9rie sur les langues \u00e9mergentes : Apprendre l'allemand pour votre travail - ELAM","description":"De plus en plus d'entreprises et d'organisations ont une perspective mondiale. Elles ont besoin d'employ\u00e9s qui non seulement parlent des langues \u00e9trang\u00e8res, comme l'allemand, mais ont aussi une exp\u00e9rience d'autres mentalit\u00e9s et pratiques de travail, comme celle acquise lors d'un s\u00e9jour en Allemagne. Ce personnel peut apporter aux entreprises un avantage concurrentiel crucial.","robots":{"index":"index","follow":"follow","max-snippet":"max-snippet:-1","max-image-preview":"max-image-preview:large","max-video-preview":"max-video-preview:-1"},"canonical":"http:\/\/elam.ca\/fr\/cours-langues\/serie-sur-les-langues-emergentes-apprendre-lallemand-pour-votre-travail","og_locale":"fr_FR","og_type":"article","og_title":"S\u00e9rie sur les langues \u00e9mergentes : Apprendre l'allemand pour votre travail","og_description":"De plus en plus d'entreprises et d'organisations ont une perspective mondiale. Elles ont besoin d'employ\u00e9s qui non seulement parlent des langues \u00e9trang\u00e8res, comme l'allemand, mais ont aussi une exp\u00e9rience d'autres mentalit\u00e9s et pratiques de travail, comme celle acquise lors d'un s\u00e9jour en Allemagne. Ce personnel peut apporter aux entreprises un avantage concurrentiel crucial.","og_url":"http:\/\/elam.ca\/fr\/cours-langues\/serie-sur-les-langues-emergentes-apprendre-lallemand-pour-votre-travail","og_site_name":"ELAM","article_publisher":"https:\/\/www.facebook.com\/ELAM.qc.ca","article_published_time":"2022-05-16T21:06:18+00:00","article_modified_time":"2022-06-14T20:37:05+00:00","og_image":[{"width":2560,"height":1534,"url":"http:\/\/elam.ca\/wp-content\/uploads\/2022\/05\/pexels-felix-mittermeier-532864-scaled.jpg","type":"image\/jpeg"}],"author":"elam","twitter_card":"summary_large_image","twitter_title":"S\u00e9rie sur les langues \u00e9mergentes : Apprendre l'allemand pour votre travail","twitter_description":"De plus en plus d'entreprises et d'organisations ont une perspective mondiale. Elles ont besoin d'employ\u00e9s qui non seulement parlent des langues \u00e9trang\u00e8res, comme l'allemand, mais ont aussi une exp\u00e9rience d'autres mentalit\u00e9s et pratiques de travail, comme celle acquise lors d'un s\u00e9jour en Allemagne. Ce personnel peut apporter aux entreprises un avantage concurrentiel crucial.","twitter_image":"https:\/\/elam.ca\/wp-content\/uploads\/2022\/05\/pexels-felix-mittermeier-532864-scaled.jpg","twitter_creator":"@ELAMca","twitter_site":"@ELAMca","twitter_misc":{"Written by":"elam","Est. reading time":"3 minutes"},"schema":{"@context":"https:\/\/schema.org","@graph":[{"@type":"Article","@id":"http:\/\/elam.ca\/fr\/cours-langues\/serie-sur-les-langues-emergentes-apprendre-lallemand-pour-votre-travail#article","isPartOf":{"@id":"http:\/\/elam.ca\/fr\/cours-langues\/serie-sur-les-langues-emergentes-apprendre-lallemand-pour-votre-travail"},"author":{"name":"elam","@id":"https:\/\/elam.ca\/fr\/#\/schema\/person\/c04840fe3258fc537d2f43fb50454710"},"headline":"S\u00e9rie sur les langues \u00e9mergentes : Apprendre l&#8217;allemand pour votre travail","datePublished":"2022-05-16T21:06:18+00:00","dateModified":"2022-06-14T20:37:05+00:00","mainEntityOfPage":{"@id":"http:\/\/elam.ca\/fr\/cours-langues\/serie-sur-les-langues-emergentes-apprendre-lallemand-pour-votre-travail"},"wordCount":552,"publisher":{"@id":"https:\/\/elam.ca\/fr\/#organization"},"image":{"@id":"http:\/\/elam.ca\/fr\/cours-langues\/serie-sur-les-langues-emergentes-apprendre-lallemand-pour-votre-travail#primaryimage"},"thumbnailUrl":"https:\/\/elam.ca\/wp-content\/uploads\/2022\/05\/pexels-felix-mittermeier-532864-scaled.jpg","keywords":["Apprendre l'allemand","Apprendre les langues en ligne","Apprenrde des langues","Apprentissage d'allemand"],"articleSection":["Articles de blogue r\u00e9cents","Cours de langues"],"inLanguage":"fr-FR"},{"@type":"WebPage","@id":"http:\/\/elam.ca\/fr\/cours-langues\/serie-sur-les-langues-emergentes-apprendre-lallemand-pour-votre-travail","url":"http:\/\/elam.ca\/fr\/cours-langues\/serie-sur-les-langues-emergentes-apprendre-lallemand-pour-votre-travail","name":"S\u00e9rie sur les langues \u00e9mergentes : Apprendre l'allemand pour votre travail - ELAM","isPartOf":{"@id":"https:\/\/elam.ca\/fr\/#website"},"primaryImageOfPage":{"@id":"http:\/\/elam.ca\/fr\/cours-langues\/serie-sur-les-langues-emergentes-apprendre-lallemand-pour-votre-travail#primaryimage"},"image":{"@id":"http:\/\/elam.ca\/fr\/cours-langues\/serie-sur-les-langues-emergentes-apprendre-lallemand-pour-votre-travail#primaryimage"},"thumbnailUrl":"https:\/\/elam.ca\/wp-content\/uploads\/2022\/05\/pexels-felix-mittermeier-532864-scaled.jpg","datePublished":"2022-05-16T21:06:18+00:00","dateModified":"2022-06-14T20:37:05+00:00","description":"De plus en plus d'entreprises et d'organisations ont une perspective mondiale. Elles ont besoin d'employ\u00e9s qui non seulement parlent des langues \u00e9trang\u00e8res, comme l'allemand, mais ont aussi une exp\u00e9rience d'autres mentalit\u00e9s et pratiques de travail, comme celle acquise lors d'un s\u00e9jour en Allemagne. Ce personnel peut apporter aux entreprises un avantage concurrentiel crucial.","breadcrumb":{"@id":"http:\/\/elam.ca\/fr\/cours-langues\/serie-sur-les-langues-emergentes-apprendre-lallemand-pour-votre-travail#breadcrumb"},"inLanguage":"fr-FR","potentialAction":[{"@type":"ReadAction","target":["http:\/\/elam.ca\/fr\/cours-langues\/serie-sur-les-langues-emergentes-apprendre-lallemand-pour-votre-travail"]}]},{"@type":"ImageObject","inLanguage":"fr-FR","@id":"http:\/\/elam.ca\/fr\/cours-langues\/serie-sur-les-langues-emergentes-apprendre-lallemand-pour-votre-travail#primaryimage","url":"https:\/\/elam.ca\/wp-content\/uploads\/2022\/05\/pexels-felix-mittermeier-532864-scaled.jpg","contentUrl":"https:\/\/elam.ca\/wp-content\/uploads\/2022\/05\/pexels-felix-mittermeier-532864-scaled.jpg","width":2560,"height":1534},{"@type":"BreadcrumbList","@id":"http:\/\/elam.ca\/fr\/cours-langues\/serie-sur-les-langues-emergentes-apprendre-lallemand-pour-votre-travail#breadcrumb","itemListElement":[{"@type":"ListItem","position":1,"name":"Home","item":"https:\/\/elam.ca\/en"},{"@type":"ListItem","position":2,"name":"S\u00e9rie sur les langues \u00e9mergentes : Apprendre l&#8217;allemand pour votre travail"}]},{"@type":"WebSite","@id":"https:\/\/elam.ca\/fr\/#website","url":"https:\/\/elam.ca\/fr\/","name":"Elam","description":"ELAM Site","publisher":{"@id":"https:\/\/elam.ca\/fr\/#organization"},"potentialAction":[{"@type":"SearchAction","target":{"@type":"EntryPoint","urlTemplate":"https:\/\/elam.ca\/fr\/?s={search_term_string}"},"query-input":{"@type":"PropertyValueSpecification","valueRequired":true,"valueName":"search_term_string"}}],"inLanguage":"fr-FR"},{"@type":"Organization","@id":"https:\/\/elam.ca\/fr\/#organization","name":"Elam","url":"https:\/\/elam.ca\/fr\/","logo":{"@type":"ImageObject","inLanguage":"fr-FR","@id":"https:\/\/elam.ca\/fr\/#\/schema\/logo\/image\/","url":"https:\/\/live-elam-site.pantheonsite.io\/wp-content\/uploads\/2021\/06\/elam-og-image.png","contentUrl":"https:\/\/live-elam-site.pantheonsite.io\/wp-content\/uploads\/2021\/06\/elam-og-image.png","width":1200,"height":628,"caption":"Elam"},"image":{"@id":"https:\/\/elam.ca\/fr\/#\/schema\/logo\/image\/"},"sameAs":["https:\/\/www.facebook.com\/ELAM.qc.ca","https:\/\/x.com\/ELAMca","https:\/\/www.instagram.com\/elaminstagram\/"]},{"@type":"Person","@id":"https:\/\/elam.ca\/fr\/#\/schema\/person\/c04840fe3258fc537d2f43fb50454710","name":"elam","image":{"@type":"ImageObject","inLanguage":"fr-FR","@id":"https:\/\/elam.ca\/fr\/#\/schema\/person\/image\/","url":"https:\/\/secure.gravatar.com\/avatar\/afbac6ee0f65ff6e42aa57ab8530cf6d9a359ec315e31450bfec8a34971a2934?s=96&d=mm&r=g","contentUrl":"https:\/\/secure.gravatar.com\/avatar\/afbac6ee0f65ff6e42aa57ab8530cf6d9a359ec315e31450bfec8a34971a2934?s=96&d=mm&r=g","caption":"elam"},"sameAs":["http:\/\/elam.wpengine.com"],"url":"https:\/\/elam.ca\/fr\/author\/elam"}]}},"menu_order":0,"_links":{"self":[{"href":"https:\/\/elam.ca\/fr\/wp-json\/wp\/v2\/posts\/27827","targetHints":{"allow":["GET"]}}],"collection":[{"href":"https:\/\/elam.ca\/fr\/wp-json\/wp\/v2\/posts"}],"about":[{"href":"https:\/\/elam.ca\/fr\/wp-json\/wp\/v2\/types\/post"}],"author":[{"embeddable":true,"href":"https:\/\/elam.ca\/fr\/wp-json\/wp\/v2\/users\/1"}],"replies":[{"embeddable":true,"href":"https:\/\/elam.ca\/fr\/wp-json\/wp\/v2\/comments?post=27827"}],"version-history":[{"count":0,"href":"https:\/\/elam.ca\/fr\/wp-json\/wp\/v2\/posts\/27827\/revisions"}],"wp:featuredmedia":[{"embeddable":true,"href":"https:\/\/elam.ca\/fr\/wp-json\/wp\/v2\/media\/27824"}],"wp:attachment":[{"href":"https:\/\/elam.ca\/fr\/wp-json\/wp\/v2\/media?parent=27827"}],"wp:term":[{"taxonomy":"category","embeddable":true,"href":"https:\/\/elam.ca\/fr\/wp-json\/wp\/v2\/categories?post=27827"},{"taxonomy":"post_tag","embeddable":true,"href":"https:\/\/elam.ca\/fr\/wp-json\/wp\/v2\/tags?post=27827"}],"curies":[{"name":"wp","href":"https:\/\/api.w.org\/{rel}","templated":true}]}}