{"id":26770,"date":"2021-06-17T14:36:59","date_gmt":"2021-06-17T14:36:59","guid":{"rendered":"https:\/\/elam.wpengine.com\/non-classifiee\/les-tendances-de-la-formation-en-entreprise-pour-2021"},"modified":"2022-03-25T19:33:19","modified_gmt":"2022-03-25T19:33:19","slug":"tendances-formation-entreprise-2021","status":"publish","type":"post","link":"https:\/\/elam.ca\/fr\/ressources-rh\/tendances-formation-entreprise-2021","title":{"rendered":"Les tendances de la formation en entreprise pour 2021"},"content":{"rendered":"\t\t<div data-elementor-type=\"wp-post\" data-elementor-id=\"26770\" class=\"elementor elementor-26770 elementor-825\" data-elementor-post-type=\"post\">\n\t\t\t\t\t\t<section class=\"elementor-section elementor-top-section elementor-element elementor-element-ca1cd30 elementor-section-boxed elementor-section-height-default elementor-section-height-default\" data-id=\"ca1cd30\" data-element_type=\"section\" data-settings=\"{&quot;background_background&quot;:&quot;classic&quot;}\">\r\n\t\t\t\t\t\t<div class=\"elementor-container elementor-column-gap-thegem\"><div class=\"elementor-row\">\r\n\t\t\t\t\t<div class=\"elementor-column elementor-col-100 elementor-top-column elementor-element elementor-element-e66f382\" data-id=\"e66f382\" data-element_type=\"column\">\n\t\t\t<div class=\"elementor-widget-wrap elementor-element-populated\">\n\t\t\t\t\t\t<div class=\"elementor-element elementor-element-ad085b0 flex-horizontal-align-default flex-horizontal-align-tablet-default flex-horizontal-align-mobile-default flex-vertical-align-default flex-vertical-align-tablet-default flex-vertical-align-mobile-default elementor-widget elementor-widget-text-editor\" data-id=\"ad085b0\" data-element_type=\"widget\" data-widget_type=\"text-editor.default\">\n\t\t\t\t<div class=\"elementor-widget-container\">\n\t\t\t\t\t\t\t\t\t\t\t\t<div class=\"elementor-text-editor elementor-clearfix\">\r\n\t\t\t\t\t\t<img class=\"size-medium wp-image-25756 alignleft\" src=\"https:\/\/elam.wpengine.com\/wp-content\/uploads\/2021\/06\/online_language_learning-300x210.png\" alt=\"online language learning\" width=\"300\" height=\"210\" srcset=\"https:\/\/elam.ca\/wp-content\/uploads\/2021\/06\/online_language_learning-300x210.png 300w, https:\/\/elam.ca\/wp-content\/uploads\/2021\/06\/online_language_learning.png 624w\" sizes=\"(max-width: 300px) 100vw, 300px\" \/>\n\n<span data-contrast=\"auto\">Les experts en RH et en A&amp;D ont tir\u00e9 de pr\u00e9cieuses le\u00e7ons tout au long de l&#8217;ann\u00e9e 2020. En 2021, nous anticipons plus de changements. Bien que nous ayons tous eu du mal \u00e0 garder la t\u00eate hors de l&#8217;eau et \u00e0 nous adapter aux \u00e9v\u00e9nements de 2020, l&#8217;ann\u00e9e 2021 est porteuse de beaucoup d&#8217;espoir et de possibilit\u00e9s de changements significatifs \u00e0 mesure que nous avan\u00e7ons dans la nouvelle normalit\u00e9.<\/span><span data-ccp-props=\"{\">\u00a0<\/span>\n\n<span data-contrast=\"auto\">L&#8217;exp\u00e9rience de la pand\u00e9mie a toutefois montr\u00e9 que si les entreprises offrent \u00e0 leurs employ\u00e9s la capacit\u00e9 et les ressources n\u00e9cessaires pour apprendre, ils peuvent les utiliser pour se soutenir et soutenir l&#8217;entreprise. Cette ann\u00e9e nous donne et continuera \u00e0 nous donner l&#8217;occasion de le faire et d&#8217;en r\u00e9colter les fruits. Il est int\u00e9ressant de savoir que, selon\u00a0<\/span><a href=\"https:\/\/www2.deloitte.com\/us\/en\/insights\/focus\/human-capital-trends.html\"><span data-contrast=\"none\">l&#8217;enqu\u00eate Deloitte 2021 sur les tendances mondiales en mati\u00e8re de capital humain<\/span><\/a><span data-contrast=\"auto\">, publi\u00e9e en d\u00e9cembre 2020, les cadres ont choisi &#8220;la capacit\u00e9 de leurs employ\u00e9s \u00e0 s&#8217;adapter, \u00e0 se recycler et \u00e0 assumer de nouveaux r\u00f4les&#8221; comme facteur principal permettant de faire face aux perturbations futures, 72 % l&#8217;ayant choisi comme facteur le plus important ou le deuxi\u00e8me plus important.<\/span><span data-ccp-props=\"{\">\u00a0<\/span>\n\n<span data-contrast=\"auto\">En outre, pr\u00e8s de la moiti\u00e9 (41 %) des cadres ont d\u00e9clar\u00e9 que &#8220;le renforcement des capacit\u00e9s de la main-d&#8217;\u0153uvre par l&#8217;am\u00e9lioration des comp\u00e9tences, le recyclage et la mobilit\u00e9 est l&#8217;une des mesures les plus importantes qu&#8217;ils prennent pour transformer le travail&#8221;. Pourtant, seuls 17 % d&#8217;entre eux affirment que leurs employ\u00e9s sont tout \u00e0 fait pr\u00eats \u00e0 s&#8217;adapter, \u00e0 acqu\u00e9rir de nouvelles comp\u00e9tences et \u00e0 assumer de nouveaux r\u00f4les. Les programmes de formation de la main-d&#8217;\u0153uvre de 2021 peuvent combler ce foss\u00e9 et cr\u00e9er une main-d&#8217;\u0153uvre flexible pr\u00eate \u00e0 tout. Dans ce blogue, nous allons plonger plus profond\u00e9ment dans certaines tendances d&#8217;entreprise de 2021.<\/span><span data-ccp-props=\"{\">\u00a0<\/span>\n\n<b><img class=\"size-medium wp-image-25752 alignleft\" src=\"https:\/\/elam.wpengine.com\/wp-content\/uploads\/2021\/06\/The_Corporate_Training_Trends_for_2021-300x212.png\" alt=\"The Corporate Training Trends for 2021\" width=\"300\" height=\"212\" srcset=\"https:\/\/elam.ca\/wp-content\/uploads\/2021\/06\/The_Corporate_Training_Trends_for_2021-300x212.png 300w, https:\/\/elam.ca\/wp-content\/uploads\/2021\/06\/The_Corporate_Training_Trends_for_2021.png 400w\" sizes=\"(max-width: 300px) 100vw, 300px\" \/><\/b>\n\n<b><span data-contrast=\"auto\">Formation num\u00e9rique et apprentissage \u00e0 distance<\/span><\/b><span data-ccp-props=\"{\">\u00a0<\/span>\n\n<span data-contrast=\"auto\">En 2020, le coaching d&#8217;entreprise est devenu num\u00e9rique par d\u00e9faut, fournissant un tremplin pour r\u00e9volutionner la prestation et le contenu du coaching en 2021. L&#8217;apprentissage num\u00e9rique concerne simplement les apprenants individuels qui acc\u00e8dent \u00e0 des modules d&#8217;apprentissage num\u00e9riques. L&#8217;apprentissage le plus efficace, en particulier l&#8217;apprentissage des comp\u00e9tences linguistiques et de communication, est social. Les groupes d&#8217;apprenants se r\u00e9unissent dans des salles de classe virtuelles en direct, en petites \u00e9quipes avec d&#8217;autres apprenants de leur niveau.\u00a0Chez ELAM, il s&#8217;agit de nos programmes\u00a0<\/span><a href=\"https:\/\/dev-elam-site.pantheonsite.io\/wp-content\/uploads\/2020\/11\/ELAM_LADs_2021-1.pdf\"><span data-contrast=\"none\">LAD<\/span><\/a><span data-contrast=\"auto\">,\u00a0<\/span><a href=\"https:\/\/dev-elam-site.pantheonsite.io\/wp-content\/uploads\/2020\/11\/ELAM_BOBV_2021.pdf\"><span data-contrast=\"none\">VBOB<\/span><\/a><span data-contrast=\"auto\">\u00a0et\u00a0de\u00a0<\/span><a href=\"https:\/\/dev-elam-site.pantheonsite.io\/wp-content\/uploads\/2020\/11\/ELAM_TEFAQ-1.pdf\"><span data-contrast=\"none\">pr\u00e9paration au TEFAQ<\/span><\/a><span data-contrast=\"auto\">. L&#8217;apprentissage num\u00e9rique englobe \u00e9galement les programmes de coaching virtuels dirig\u00e9s par un instructeur, ainsi que les sessions en ligne avec des mentors humains ou, \u00e0 l&#8217;avenir, avec l&#8217;IA. Chez ELAM, il s&#8217;agit de notre programme\u00a0<\/span><a href=\"https:\/\/dev-elam-site.pantheonsite.io\/wp-content\/uploads\/2020\/11\/ELAM_Blended-Lingua_2021-1.pdf\"><span data-contrast=\"none\">Blended-Lingua<\/span><\/a><span data-contrast=\"auto\">.<\/span><span data-ccp-props=\"{\">\u00a0<\/span>\n\n<b>\u00a0<\/b>\n\n<b><span data-contrast=\"auto\">\u202fMesurer la valeur des programmes de formation d&#8217;entreprise et de A&amp;D<\/span><\/b><span data-ccp-props=\"{\">\u00a0<\/span>\n\n<span data-contrast=\"auto\">La plupart des professionnels des RH mesurent le succ\u00e8s de la formation en entreprise \u00e0 travers les r\u00e9sultats des tests, les taux d&#8217;ach\u00e8vement et m\u00eame les \u00e9conomies r\u00e9alis\u00e9es par l&#8217;apprentissage num\u00e9rique par rapport \u00e0 la formation traditionnelle en classe.\u202f En 2021, l&#8217;accent devrait \u00eatre mis sur la proportion de la formation qui a contribu\u00e9 \u00e0 aider les apprenants \u00e0 accomplir leurs t\u00e2ches quotidiennes &#8211; et sur la proportion de la formation qui stimule l&#8217;innovation et le prix de l&#8217;entreprise. Cela ne se produira que lorsque les personnes au sein de l&#8217;organisation seront des contributeurs connect\u00e9s \u00e0 la m\u00e9thode de formation, communiquant les informations au sein de l&#8217;organisation \u00e0 leurs fournisseurs de formation.<\/span><span data-ccp-props=\"{\">\u00a0<\/span>\n\n<b><img class=\"size-full wp-image-25755 alignleft\" src=\"https:\/\/elam.wpengine.com\/wp-content\/uploads\/2021\/06\/digital_language_learning.png\" alt=\"digital language learning\" width=\"300\" height=\"210\" \/>\n<\/b>\n\n<b><span data-contrast=\"auto\">Technologie intelligente<\/span><\/b><span data-ccp-props=\"{\">\u00a0<\/span>\n\n<span data-contrast=\"auto\">Nous parlons d&#8217;intelligence artificielle (IA) depuis longtemps, mais nous sommes optimistes et pensons que 2021 sera l&#8217;ann\u00e9e o\u00f9 les professionnels des RH placeront l&#8217;IA au centre de l&#8217;apprentissage. L&#8217;IA soutient le haut niveau de personnalisation qui rend l&#8217;apprentissage accrocheur. Un apprenant peut choisir de pratiquer la prononciation sur un mobile pendant la soir\u00e9e. Un autre pourrait choisir d&#8217;\u00e9couter un podcast sur les comp\u00e9tences r\u00e9dactionnelles pour l&#8217;aider dans une t\u00e2che professionnelle. En d&#8217;autres termes : L&#8217;apprentissage des langues est extr\u00eamement individuel.<\/span><span data-ccp-props=\"{\">\u00a0<\/span>\t\t\t\t\t\t\t<\/div>\r\n\t\t\t\t\t\t\t\t\t\t<\/div>\n\t\t\t\t<\/div>\n\t\t\t\t\t<\/div>\n\t\t<\/div>\n\t\t\t\t\t<\/div><\/div>\r\n\t\t<\/section>\r\n\t\t\t\t<\/div>\n\t\t","protected":false},"excerpt":{"rendered":"<p>Les experts en RH et en A&#038;D ont tir\u00e9 de pr\u00e9cieuses le\u00e7ons tout au long de l&#8217;ann\u00e9e 2020. En 2021, nous anticipons plus de changements. Bien que nous ayons tous eu du mal \u00e0 garder la t\u00eate hors de l&#8217;eau et \u00e0 nous adapter aux \u00e9v\u00e9nements de 2020, l&#8217;ann\u00e9e 2021 est porteuse de beaucoup d&#8217;espoir et de possibilit\u00e9s de changements significatifs \u00e0 mesure que nous avan\u00e7ons dans la nouvelle normalit\u00e9. <\/p>\n","protected":false},"author":1,"featured_media":26767,"comment_status":"closed","ping_status":"closed","sticky":false,"template":"single-fullwidth.php","format":"standard","meta":{"footnotes":""},"categories":[115],"tags":[],"class_list":{"0":"post-26770","1":"post","2":"type-post","3":"status-publish","4":"format-standard","5":"has-post-thumbnail","7":"category-ressources-rh"},"yoast_head":"<!-- This site is optimized with the Yoast SEO Premium plugin v22.4 (Yoast SEO v26.7) - https:\/\/yoast.com\/wordpress\/plugins\/seo\/ -->\n<title>Les tendances de la formation en entreprise pour 2021 - ELAM<\/title>\n<meta name=\"description\" content=\"Les tendances de la formation en entreprise pour 2021 Les tendances de la formation en entreprise pour 2021\" \/>\n<meta name=\"robots\" content=\"index, follow, max-snippet:-1, max-image-preview:large, max-video-preview:-1\" \/>\n<link rel=\"canonical\" href=\"http:\/\/elam.ca\/en\/hr-ressources\/corporate-trends-training-2021\" \/>\n<meta property=\"og:locale\" content=\"fr_FR\" \/>\n<meta property=\"og:type\" content=\"article\" \/>\n<meta property=\"og:title\" content=\"Les tendances de la formation en entreprise pour 2021\" \/>\n<meta property=\"og:description\" content=\"Les tendances de la formation en entreprise pour 2021 Les tendances de la formation en entreprise pour 2021\" \/>\n<meta property=\"og:url\" content=\"http:\/\/elam.ca\/en\/hr-ressources\/corporate-trends-training-2021\" \/>\n<meta property=\"og:site_name\" content=\"ELAM\" \/>\n<meta property=\"article:publisher\" content=\"https:\/\/www.facebook.com\/ELAM.qc.ca\" \/>\n<meta property=\"article:published_time\" content=\"2021-06-17T14:36:59+00:00\" \/>\n<meta property=\"article:modified_time\" content=\"2022-03-25T19:33:19+00:00\" \/>\n<meta property=\"og:image\" content=\"http:\/\/elam.ca\/wp-content\/uploads\/2021\/03\/elam-corpo-training-article-thumb.jpg\" \/>\n\t<meta property=\"og:image:width\" content=\"870\" \/>\n\t<meta property=\"og:image:height\" content=\"500\" \/>\n\t<meta property=\"og:image:type\" content=\"image\/jpeg\" \/>\n<meta name=\"author\" content=\"elam\" \/>\n<meta name=\"twitter:card\" content=\"summary_large_image\" \/>\n<meta name=\"twitter:creator\" content=\"@ELAMca\" \/>\n<meta name=\"twitter:site\" content=\"@ELAMca\" \/>\n<meta name=\"twitter:label1\" content=\"Written by\" \/>\n\t<meta name=\"twitter:data1\" content=\"elam\" \/>\n\t<meta name=\"twitter:label2\" content=\"Est. reading time\" \/>\n\t<meta name=\"twitter:data2\" content=\"4 minutes\" \/>\n<script type=\"application\/ld+json\" class=\"yoast-schema-graph\">{\"@context\":\"https:\/\/schema.org\",\"@graph\":[{\"@type\":\"Article\",\"@id\":\"http:\/\/elam.ca\/en\/hr-ressources\/corporate-trends-training-2021#article\",\"isPartOf\":{\"@id\":\"http:\/\/elam.ca\/en\/hr-ressources\/corporate-trends-training-2021\"},\"author\":{\"name\":\"elam\",\"@id\":\"https:\/\/elam.ca\/fr\/#\/schema\/person\/c04840fe3258fc537d2f43fb50454710\"},\"headline\":\"Les tendances de la formation en entreprise pour 2021\",\"datePublished\":\"2021-06-17T14:36:59+00:00\",\"dateModified\":\"2022-03-25T19:33:19+00:00\",\"mainEntityOfPage\":{\"@id\":\"http:\/\/elam.ca\/en\/hr-ressources\/corporate-trends-training-2021\"},\"wordCount\":713,\"publisher\":{\"@id\":\"https:\/\/elam.ca\/fr\/#organization\"},\"image\":{\"@id\":\"http:\/\/elam.ca\/en\/hr-ressources\/corporate-trends-training-2021#primaryimage\"},\"thumbnailUrl\":\"https:\/\/elam.ca\/wp-content\/uploads\/2021\/03\/elam-corpo-training-article-thumb.jpg\",\"articleSection\":[\"Ressources pour les R.H\"],\"inLanguage\":\"fr-FR\"},{\"@type\":\"WebPage\",\"@id\":\"http:\/\/elam.ca\/en\/hr-ressources\/corporate-trends-training-2021\",\"url\":\"http:\/\/elam.ca\/en\/hr-ressources\/corporate-trends-training-2021\",\"name\":\"Les tendances de la formation en entreprise pour 2021 - ELAM\",\"isPartOf\":{\"@id\":\"https:\/\/elam.ca\/fr\/#website\"},\"primaryImageOfPage\":{\"@id\":\"http:\/\/elam.ca\/en\/hr-ressources\/corporate-trends-training-2021#primaryimage\"},\"image\":{\"@id\":\"http:\/\/elam.ca\/en\/hr-ressources\/corporate-trends-training-2021#primaryimage\"},\"thumbnailUrl\":\"https:\/\/elam.ca\/wp-content\/uploads\/2021\/03\/elam-corpo-training-article-thumb.jpg\",\"datePublished\":\"2021-06-17T14:36:59+00:00\",\"dateModified\":\"2022-03-25T19:33:19+00:00\",\"description\":\"Les tendances de la formation en entreprise pour 2021 Les tendances de la formation en entreprise pour 2021\",\"breadcrumb\":{\"@id\":\"http:\/\/elam.ca\/en\/hr-ressources\/corporate-trends-training-2021#breadcrumb\"},\"inLanguage\":\"fr-FR\",\"potentialAction\":[{\"@type\":\"ReadAction\",\"target\":[\"http:\/\/elam.ca\/en\/hr-ressources\/corporate-trends-training-2021\"]}]},{\"@type\":\"ImageObject\",\"inLanguage\":\"fr-FR\",\"@id\":\"http:\/\/elam.ca\/en\/hr-ressources\/corporate-trends-training-2021#primaryimage\",\"url\":\"https:\/\/elam.ca\/wp-content\/uploads\/2021\/03\/elam-corpo-training-article-thumb.jpg\",\"contentUrl\":\"https:\/\/elam.ca\/wp-content\/uploads\/2021\/03\/elam-corpo-training-article-thumb.jpg\",\"width\":870,\"height\":500,\"caption\":\"full time french course montreal\"},{\"@type\":\"BreadcrumbList\",\"@id\":\"http:\/\/elam.ca\/en\/hr-ressources\/corporate-trends-training-2021#breadcrumb\",\"itemListElement\":[{\"@type\":\"ListItem\",\"position\":1,\"name\":\"Home\",\"item\":\"https:\/\/elam.ca\/en\"},{\"@type\":\"ListItem\",\"position\":2,\"name\":\"Les tendances de la formation en entreprise pour 2021\"}]},{\"@type\":\"WebSite\",\"@id\":\"https:\/\/elam.ca\/fr\/#website\",\"url\":\"https:\/\/elam.ca\/fr\/\",\"name\":\"Elam\",\"description\":\"ELAM Site\",\"publisher\":{\"@id\":\"https:\/\/elam.ca\/fr\/#organization\"},\"potentialAction\":[{\"@type\":\"SearchAction\",\"target\":{\"@type\":\"EntryPoint\",\"urlTemplate\":\"https:\/\/elam.ca\/fr\/?s={search_term_string}\"},\"query-input\":{\"@type\":\"PropertyValueSpecification\",\"valueRequired\":true,\"valueName\":\"search_term_string\"}}],\"inLanguage\":\"fr-FR\"},{\"@type\":\"Organization\",\"@id\":\"https:\/\/elam.ca\/fr\/#organization\",\"name\":\"Elam\",\"url\":\"https:\/\/elam.ca\/fr\/\",\"logo\":{\"@type\":\"ImageObject\",\"inLanguage\":\"fr-FR\",\"@id\":\"https:\/\/elam.ca\/fr\/#\/schema\/logo\/image\/\",\"url\":\"https:\/\/live-elam-site.pantheonsite.io\/wp-content\/uploads\/2021\/06\/elam-og-image.png\",\"contentUrl\":\"https:\/\/live-elam-site.pantheonsite.io\/wp-content\/uploads\/2021\/06\/elam-og-image.png\",\"width\":1200,\"height\":628,\"caption\":\"Elam\"},\"image\":{\"@id\":\"https:\/\/elam.ca\/fr\/#\/schema\/logo\/image\/\"},\"sameAs\":[\"https:\/\/www.facebook.com\/ELAM.qc.ca\",\"https:\/\/x.com\/ELAMca\",\"https:\/\/www.instagram.com\/elaminstagram\/\"]},{\"@type\":\"Person\",\"@id\":\"https:\/\/elam.ca\/fr\/#\/schema\/person\/c04840fe3258fc537d2f43fb50454710\",\"name\":\"elam\",\"image\":{\"@type\":\"ImageObject\",\"inLanguage\":\"fr-FR\",\"@id\":\"https:\/\/elam.ca\/fr\/#\/schema\/person\/image\/\",\"url\":\"https:\/\/secure.gravatar.com\/avatar\/afbac6ee0f65ff6e42aa57ab8530cf6d9a359ec315e31450bfec8a34971a2934?s=96&d=mm&r=g\",\"contentUrl\":\"https:\/\/secure.gravatar.com\/avatar\/afbac6ee0f65ff6e42aa57ab8530cf6d9a359ec315e31450bfec8a34971a2934?s=96&d=mm&r=g\",\"caption\":\"elam\"},\"sameAs\":[\"http:\/\/elam.wpengine.com\"],\"url\":\"https:\/\/elam.ca\/fr\/author\/elam\"}]}<\/script>\n<!-- \/ Yoast SEO Premium plugin. -->","yoast_head_json":{"title":"Les tendances de la formation en entreprise pour 2021 - ELAM","description":"Les tendances de la formation en entreprise pour 2021 Les tendances de la formation en entreprise pour 2021","robots":{"index":"index","follow":"follow","max-snippet":"max-snippet:-1","max-image-preview":"max-image-preview:large","max-video-preview":"max-video-preview:-1"},"canonical":"http:\/\/elam.ca\/en\/hr-ressources\/corporate-trends-training-2021","og_locale":"fr_FR","og_type":"article","og_title":"Les tendances de la formation en entreprise pour 2021","og_description":"Les tendances de la formation en entreprise pour 2021 Les tendances de la formation en entreprise pour 2021","og_url":"http:\/\/elam.ca\/en\/hr-ressources\/corporate-trends-training-2021","og_site_name":"ELAM","article_publisher":"https:\/\/www.facebook.com\/ELAM.qc.ca","article_published_time":"2021-06-17T14:36:59+00:00","article_modified_time":"2022-03-25T19:33:19+00:00","og_image":[{"width":870,"height":500,"url":"http:\/\/elam.ca\/wp-content\/uploads\/2021\/03\/elam-corpo-training-article-thumb.jpg","type":"image\/jpeg"}],"author":"elam","twitter_card":"summary_large_image","twitter_creator":"@ELAMca","twitter_site":"@ELAMca","twitter_misc":{"Written by":"elam","Est. reading time":"4 minutes"},"schema":{"@context":"https:\/\/schema.org","@graph":[{"@type":"Article","@id":"http:\/\/elam.ca\/en\/hr-ressources\/corporate-trends-training-2021#article","isPartOf":{"@id":"http:\/\/elam.ca\/en\/hr-ressources\/corporate-trends-training-2021"},"author":{"name":"elam","@id":"https:\/\/elam.ca\/fr\/#\/schema\/person\/c04840fe3258fc537d2f43fb50454710"},"headline":"Les tendances de la formation en entreprise pour 2021","datePublished":"2021-06-17T14:36:59+00:00","dateModified":"2022-03-25T19:33:19+00:00","mainEntityOfPage":{"@id":"http:\/\/elam.ca\/en\/hr-ressources\/corporate-trends-training-2021"},"wordCount":713,"publisher":{"@id":"https:\/\/elam.ca\/fr\/#organization"},"image":{"@id":"http:\/\/elam.ca\/en\/hr-ressources\/corporate-trends-training-2021#primaryimage"},"thumbnailUrl":"https:\/\/elam.ca\/wp-content\/uploads\/2021\/03\/elam-corpo-training-article-thumb.jpg","articleSection":["Ressources pour les R.H"],"inLanguage":"fr-FR"},{"@type":"WebPage","@id":"http:\/\/elam.ca\/en\/hr-ressources\/corporate-trends-training-2021","url":"http:\/\/elam.ca\/en\/hr-ressources\/corporate-trends-training-2021","name":"Les tendances de la formation en entreprise pour 2021 - ELAM","isPartOf":{"@id":"https:\/\/elam.ca\/fr\/#website"},"primaryImageOfPage":{"@id":"http:\/\/elam.ca\/en\/hr-ressources\/corporate-trends-training-2021#primaryimage"},"image":{"@id":"http:\/\/elam.ca\/en\/hr-ressources\/corporate-trends-training-2021#primaryimage"},"thumbnailUrl":"https:\/\/elam.ca\/wp-content\/uploads\/2021\/03\/elam-corpo-training-article-thumb.jpg","datePublished":"2021-06-17T14:36:59+00:00","dateModified":"2022-03-25T19:33:19+00:00","description":"Les tendances de la formation en entreprise pour 2021 Les tendances de la formation en entreprise pour 2021","breadcrumb":{"@id":"http:\/\/elam.ca\/en\/hr-ressources\/corporate-trends-training-2021#breadcrumb"},"inLanguage":"fr-FR","potentialAction":[{"@type":"ReadAction","target":["http:\/\/elam.ca\/en\/hr-ressources\/corporate-trends-training-2021"]}]},{"@type":"ImageObject","inLanguage":"fr-FR","@id":"http:\/\/elam.ca\/en\/hr-ressources\/corporate-trends-training-2021#primaryimage","url":"https:\/\/elam.ca\/wp-content\/uploads\/2021\/03\/elam-corpo-training-article-thumb.jpg","contentUrl":"https:\/\/elam.ca\/wp-content\/uploads\/2021\/03\/elam-corpo-training-article-thumb.jpg","width":870,"height":500,"caption":"full time french course montreal"},{"@type":"BreadcrumbList","@id":"http:\/\/elam.ca\/en\/hr-ressources\/corporate-trends-training-2021#breadcrumb","itemListElement":[{"@type":"ListItem","position":1,"name":"Home","item":"https:\/\/elam.ca\/en"},{"@type":"ListItem","position":2,"name":"Les tendances de la formation en entreprise pour 2021"}]},{"@type":"WebSite","@id":"https:\/\/elam.ca\/fr\/#website","url":"https:\/\/elam.ca\/fr\/","name":"Elam","description":"ELAM Site","publisher":{"@id":"https:\/\/elam.ca\/fr\/#organization"},"potentialAction":[{"@type":"SearchAction","target":{"@type":"EntryPoint","urlTemplate":"https:\/\/elam.ca\/fr\/?s={search_term_string}"},"query-input":{"@type":"PropertyValueSpecification","valueRequired":true,"valueName":"search_term_string"}}],"inLanguage":"fr-FR"},{"@type":"Organization","@id":"https:\/\/elam.ca\/fr\/#organization","name":"Elam","url":"https:\/\/elam.ca\/fr\/","logo":{"@type":"ImageObject","inLanguage":"fr-FR","@id":"https:\/\/elam.ca\/fr\/#\/schema\/logo\/image\/","url":"https:\/\/live-elam-site.pantheonsite.io\/wp-content\/uploads\/2021\/06\/elam-og-image.png","contentUrl":"https:\/\/live-elam-site.pantheonsite.io\/wp-content\/uploads\/2021\/06\/elam-og-image.png","width":1200,"height":628,"caption":"Elam"},"image":{"@id":"https:\/\/elam.ca\/fr\/#\/schema\/logo\/image\/"},"sameAs":["https:\/\/www.facebook.com\/ELAM.qc.ca","https:\/\/x.com\/ELAMca","https:\/\/www.instagram.com\/elaminstagram\/"]},{"@type":"Person","@id":"https:\/\/elam.ca\/fr\/#\/schema\/person\/c04840fe3258fc537d2f43fb50454710","name":"elam","image":{"@type":"ImageObject","inLanguage":"fr-FR","@id":"https:\/\/elam.ca\/fr\/#\/schema\/person\/image\/","url":"https:\/\/secure.gravatar.com\/avatar\/afbac6ee0f65ff6e42aa57ab8530cf6d9a359ec315e31450bfec8a34971a2934?s=96&d=mm&r=g","contentUrl":"https:\/\/secure.gravatar.com\/avatar\/afbac6ee0f65ff6e42aa57ab8530cf6d9a359ec315e31450bfec8a34971a2934?s=96&d=mm&r=g","caption":"elam"},"sameAs":["http:\/\/elam.wpengine.com"],"url":"https:\/\/elam.ca\/fr\/author\/elam"}]}},"menu_order":0,"_links":{"self":[{"href":"https:\/\/elam.ca\/fr\/wp-json\/wp\/v2\/posts\/26770","targetHints":{"allow":["GET"]}}],"collection":[{"href":"https:\/\/elam.ca\/fr\/wp-json\/wp\/v2\/posts"}],"about":[{"href":"https:\/\/elam.ca\/fr\/wp-json\/wp\/v2\/types\/post"}],"author":[{"embeddable":true,"href":"https:\/\/elam.ca\/fr\/wp-json\/wp\/v2\/users\/1"}],"replies":[{"embeddable":true,"href":"https:\/\/elam.ca\/fr\/wp-json\/wp\/v2\/comments?post=26770"}],"version-history":[{"count":0,"href":"https:\/\/elam.ca\/fr\/wp-json\/wp\/v2\/posts\/26770\/revisions"}],"wp:featuredmedia":[{"embeddable":true,"href":"https:\/\/elam.ca\/fr\/wp-json\/wp\/v2\/media\/26767"}],"wp:attachment":[{"href":"https:\/\/elam.ca\/fr\/wp-json\/wp\/v2\/media?parent=26770"}],"wp:term":[{"taxonomy":"category","embeddable":true,"href":"https:\/\/elam.ca\/fr\/wp-json\/wp\/v2\/categories?post=26770"},{"taxonomy":"post_tag","embeddable":true,"href":"https:\/\/elam.ca\/fr\/wp-json\/wp\/v2\/tags?post=26770"}],"curies":[{"name":"wp","href":"https:\/\/api.w.org\/{rel}","templated":true}]}}